{"id":34624,"date":"2026-03-09T16:34:04","date_gmt":"2026-03-09T19:34:04","guid":{"rendered":"https:\/\/www.diariodebordo.net\/?p=34624"},"modified":"2026-03-09T18:11:00","modified_gmt":"2026-03-09T21:11:00","slug":"exposicao-no-east-miami-da-fotografa-francesa-corinne-dubreuil","status":"publish","type":"post","link":"https:\/\/diariodebordo.net\/?p=34624","title":{"rendered":"Exposi\u00e7\u00e3o no EAST Miami da fot\u00f3grafa francesa Corinne Dubreuil"},"content":{"rendered":"<p><i>O hotel apresenta programa\u00e7\u00e3o exclusiva com podcast ao vivo, celebra\u00e7\u00e3o no Sugar e exposi\u00e7\u00e3o fotogr\u00e1fica ao longo de um m\u00eas<\/i><\/p>\n<div>\n<p><img loading=\"lazy\" decoding=\"async\" class=\"size-medium wp-image-34625 aligncenter\" src=\"https:\/\/www.diariodebordo.net\/wp-content\/uploads\/2026\/03\/Photo-of-Coco-Gauff_Credit-Corinne-Dubreuil-256x300.jpg\" alt=\"\" width=\"256\" height=\"300\" srcset=\"https:\/\/diariodebordo.net\/wp-content\/uploads\/2026\/03\/Photo-of-Coco-Gauff_Credit-Corinne-Dubreuil-256x300.jpg 256w, https:\/\/diariodebordo.net\/wp-content\/uploads\/2026\/03\/Photo-of-Coco-Gauff_Credit-Corinne-Dubreuil.jpg 539w\" sizes=\"auto, (max-width: 256px) 100vw, 256px\" \/><\/p>\n<p>&nbsp;<\/p>\n<p dir=\"ltr\">Nesta temporada de t\u00eanis, o\u00a0EAST Miami\u00a0apresenta\u00a0Off The Court, uma programa\u00e7\u00e3o cultural imersiva criada para celebrar o Miami Open e o 10\u00ba anivers\u00e1rio do hotel. H\u00e1 uma d\u00e9cada, o \u00edcone do t\u00eanis, Roger Federer, surpreendeu os h\u00f3spedes com uma apari\u00e7\u00e3o como DJ no Sugar, marcando um dos momentos mais memor\u00e1veis dessa conex\u00e3o entre esporte e lifestyle na propriedade.<\/p>\n<p dir=\"ltr\">Criado para capturar o esp\u00edrito do torneio para al\u00e9m das quadras,\u00a0Off The Court\u00a0re\u00fane esporte, arte e storytelling, refor\u00e7ando a rela\u00e7\u00e3o de longa data do EAST Miami com os circuitos ATP Tour e WTA Tour.<\/p>\n<p dir=\"ltr\">\u201cO\u00a0Off The Court\u00a0traz ao EAST Miami algo muito maior e mais representativo do que apenas um hotel para se hospedar durante o Miami Open. A programa\u00e7\u00e3o deste ano celebra uma d\u00e9cada conectando a comunidade global do t\u00eanis com a energia vibrante de Brickell. Por isso, temos orgulho deste projeto onde o esporte, a arte e a cultura se integram\u201d, afirma Andres Garcia, Gerente Geral do hotel.<\/p>\n<p dir=\"ltr\">O evento principal da programa\u00e7\u00e3o acontece no dia 16 de mar\u00e7o, \u00e0s 19h, no Sugar, o ic\u00f4nico rooftop de Miami, conhecido por seu design exuberante inspirado em jardins e pelas vistas panor\u00e2micas que se estendem do skyline de Downtown at\u00e9 a Ba\u00eda de Biscayne.<\/p>\n<p dir=\"ltr\">A noite contar\u00e1 com a grava\u00e7\u00e3o ao vivo do Tennis Insider Club Podcast, apresentado por Caroline Garcia, com participa\u00e7\u00e3o de Jakub Mensik, campe\u00e3o do Miami Open 2025, que conquistou o t\u00edtulo aos 19 anos ap\u00f3s uma vit\u00f3ria impressionante sobre Novak Djokovic. Tamb\u00e9m participam Sebastian Korda, nascido na Fl\u00f3rida e recente campe\u00e3o do Delray Beach Open; e Hubert Hurkacz, vencedor do Miami Open 2021.<\/p>\n<p dir=\"ltr\">Ap\u00f3s a grava\u00e7\u00e3o, o Sugar receber\u00e1 uma celebra\u00e7\u00e3o exclusiva, apenas para convidados. Com presen\u00e7a confirmada de diversos atletas da ATP e da WTA, al\u00e9m dos principais nomes do universo dos esportes de raquete em Miami, o encontro promete ser um dos eventos mais vibrantes da temporada, com open bar cortesia e coquet\u00e9is inspirados nos Grand Slams.<\/p>\n<p dir=\"ltr\">Um brinde ao torneio no Sugar<\/p>\n<p dir=\"ltr\">Durante todo o Miami Open, o Sugar apresentar\u00e1 quatro coquet\u00e9is em edi\u00e7\u00e3o limitada, inspirados nas bebidas ic\u00f4nicas dos quatro Grand Slams:<\/p>\n<p dir=\"ltr\">\u201cNo ace\u2026 no paloma\u201d, releitura divertida de \u201cAce paloma\u201d do Miami Open;<\/p>\n<p dir=\"ltr\">\u201cBaseline putch\u201d, interpreta\u00e7\u00e3o refinada do cl\u00e1ssico \u201cPimm\u2019s cup\u201d, tradicional em Wimbledon;<\/p>\n<p dir=\"ltr\">\u201cNew ball s\u2019il vous pla\u00eet\u201d, vers\u00e3o contempor\u00e2nea da \u201cAce royal\u201d, de Roland-Garros;<\/p>\n<p dir=\"ltr\">\u201cQueens bound blue\u201d, releitura ousada do famoso \u201cHoney deuce\u201d, do US Open.<\/p>\n<p dir=\"ltr\"><strong>Arte no lobby do hotel<\/strong><\/p>\n<p dir=\"ltr\">A partir de 16 de mar\u00e7o, por um m\u00eas, o EAST Miami estreia uma exposi\u00e7\u00e3o fotogr\u00e1fica no lobby da renomada fot\u00f3grafa francesa Corinne Dubreuil. H\u00e1 mais de 30 anos, Dubreuil acompanha o circuito profissional de t\u00eanis, registrando os maiores campe\u00f5es, momentos mais \u00edntimos do esporte nos palcos dos Grand Slams e arenas ao redor do mundo. Reconhecida por capturar tanto a pot\u00eancia quanto a vulnerabilidade dos atletas, sua obra tornou-se sin\u00f4nimo do storytelling contempor\u00e2neo do t\u00eanis. Mais do que fot\u00f3grafa, Dubreuil \u00e9 uma artista em quem os maiores campe\u00f5es do esporte depositam confian\u00e7a, frequentemente escolhendo suas imagens para eternizar vit\u00f3rias e emo\u00e7\u00f5es marcantes em suas pr\u00f3prias redes sociais.<\/p>\n<p>A exposi\u00e7\u00e3o re\u00fane 19 imagens impactantes que traduzem a emo\u00e7\u00e3o, intensidade e est\u00e9tica do jogo. Entre os atletas retratados est\u00e3o Jannik Sinner, Coco Gauff, al\u00e9m de Roger Federer, Novak Djokovic, entre outros. A exposi\u00e7\u00e3o convida h\u00f3spedes e visitantes a vivenciarem o t\u00eanis a partir de uma perspectiva rara, que vai al\u00e9m da partida. Imperd\u00edvel!<\/p>\n<p><img loading=\"lazy\" decoding=\"async\" class=\"alignleft size-medium wp-image-34625\" src=\"https:\/\/www.diariodebordo.net\/wp-content\/uploads\/2026\/03\/Photo-of-Coco-Gauff_Credit-Corinne-Dubreuil-256x300.jpg\" alt=\"\" width=\"256\" height=\"300\" srcset=\"https:\/\/diariodebordo.net\/wp-content\/uploads\/2026\/03\/Photo-of-Coco-Gauff_Credit-Corinne-Dubreuil-256x300.jpg 256w, https:\/\/diariodebordo.net\/wp-content\/uploads\/2026\/03\/Photo-of-Coco-Gauff_Credit-Corinne-Dubreuil.jpg 539w\" sizes=\"auto, (max-width: 256px) 100vw, 256px\" \/> <img loading=\"lazy\" decoding=\"async\" class=\"alignleft size-medium wp-image-34626\" src=\"https:\/\/www.diariodebordo.net\/wp-content\/uploads\/2026\/03\/Photo-of-Jannik-Sinner_Credit-Corinne-Dubreuil-246x300.jpg\" alt=\"\" width=\"246\" height=\"300\" srcset=\"https:\/\/diariodebordo.net\/wp-content\/uploads\/2026\/03\/Photo-of-Jannik-Sinner_Credit-Corinne-Dubreuil-246x300.jpg 246w, https:\/\/diariodebordo.net\/wp-content\/uploads\/2026\/03\/Photo-of-Jannik-Sinner_Credit-Corinne-Dubreuil.jpg 525w\" sizes=\"auto, (max-width: 246px) 100vw, 246px\" \/> <img loading=\"lazy\" decoding=\"async\" class=\"alignleft size-medium wp-image-34627\" src=\"https:\/\/www.diariodebordo.net\/wp-content\/uploads\/2026\/03\/Photo-of-Novak-Djokovic_Credit-Corinne-Dubreuil-248x300.jpg\" alt=\"\" width=\"248\" height=\"300\" srcset=\"https:\/\/diariodebordo.net\/wp-content\/uploads\/2026\/03\/Photo-of-Novak-Djokovic_Credit-Corinne-Dubreuil-248x300.jpg 248w, https:\/\/diariodebordo.net\/wp-content\/uploads\/2026\/03\/Photo-of-Novak-Djokovic_Credit-Corinne-Dubreuil.jpg 528w\" sizes=\"auto, (max-width: 248px) 100vw, 248px\" \/><\/p>\n<p><center>\u00a0<\/center>&nbsp;<\/p>\n<\/div>\n","protected":false},"excerpt":{"rendered":"<p>O hotel apresenta programa\u00e7\u00e3o exclusiva com podcast ao vivo, celebra\u00e7\u00e3o no Sugar e exposi\u00e7\u00e3o fotogr\u00e1fica ao longo de um m\u00eas &nbsp; Nesta temporada de t\u00eanis, o\u00a0EAST Miami\u00a0apresenta\u00a0Off The Court, uma programa\u00e7\u00e3o cultural imersiva criada para celebrar o Miami Open e o 10\u00ba anivers\u00e1rio do hotel. H\u00e1 uma d\u00e9cada, o \u00edcone do t\u00eanis, Roger Federer, surpreendeu<\/p>\n","protected":false},"author":2,"featured_media":0,"comment_status":"open","ping_status":"open","sticky":true,"template":"","format":"standard","meta":{"_eb_attr":"","inline_featured_image":false,"_joinchat":[],"footnotes":""},"categories":[156,185,1,89,119,66,65],"tags":[189,79,188,149],"class_list":["post-34624","post","type-post","status-publish","format-standard","hentry","category-atualidades","category-brasil","category-dia-a-dia","category-entretenimento","category-eventos","category-lancamentos","category-noticia-recente","tag-brasil","tag-exposicao","tag-miami","tag-tenis"],"acf":[],"yoast_head":"<!-- This site is optimized with the Yoast SEO plugin v27.5 - https:\/\/yoast.com\/product\/yoast-seo-wordpress\/ -->\n<title>Exposi\u00e7\u00e3o no EAST Miami da fot\u00f3grafa francesa Corinne Dubreuil - Experi\u00eancias que conectam marcas, pessoas e momentos<\/title>\n<meta name=\"robots\" content=\"index, follow, max-snippet:-1, max-image-preview:large, max-video-preview:-1\" \/>\n<link rel=\"canonical\" href=\"https:\/\/www.diariodebordo.net\/?p=34624\" \/>\n<meta property=\"og:locale\" content=\"pt_BR\" \/>\n<meta property=\"og:type\" content=\"article\" \/>\n<meta property=\"og:title\" content=\"Exposi\u00e7\u00e3o no EAST Miami da fot\u00f3grafa francesa Corinne Dubreuil - Experi\u00eancias que conectam marcas, pessoas e momentos\" \/>\n<meta property=\"og:description\" content=\"O hotel apresenta programa\u00e7\u00e3o exclusiva com podcast ao vivo, celebra\u00e7\u00e3o no Sugar e exposi\u00e7\u00e3o fotogr\u00e1fica ao longo de um m\u00eas &nbsp; Nesta temporada de t\u00eanis, o\u00a0EAST Miami\u00a0apresenta\u00a0Off The Court, uma programa\u00e7\u00e3o cultural imersiva criada para celebrar o Miami Open e o 10\u00ba anivers\u00e1rio do hotel. H\u00e1 uma d\u00e9cada, o \u00edcone do t\u00eanis, Roger Federer, surpreendeu\" \/>\n<meta property=\"og:url\" content=\"https:\/\/www.diariodebordo.net\/?p=34624\" \/>\n<meta property=\"og:site_name\" content=\"Experi\u00eancias que conectam marcas, pessoas e momentos\" \/>\n<meta property=\"article:published_time\" content=\"2026-03-09T19:34:04+00:00\" \/>\n<meta property=\"article:modified_time\" content=\"2026-03-09T21:11:00+00:00\" \/>\n<meta property=\"og:image\" content=\"https:\/\/www.diariodebordo.net\/wp-content\/uploads\/2026\/03\/Photo-of-Coco-Gauff_Credit-Corinne-Dubreuil-256x300.jpg\" \/>\n<meta name=\"author\" content=\"Bebeto Azevedo\" \/>\n<meta name=\"twitter:card\" content=\"summary_large_image\" \/>\n<meta name=\"twitter:label1\" content=\"Escrito por\" \/>\n\t<meta name=\"twitter:data1\" content=\"Bebeto Azevedo\" \/>\n\t<meta name=\"twitter:label2\" content=\"Est. tempo de leitura\" \/>\n\t<meta name=\"twitter:data2\" content=\"5 minutos\" \/>\n<script type=\"application\/ld+json\" class=\"yoast-schema-graph\">{\"@context\":\"https:\\\/\\\/schema.org\",\"@graph\":[{\"@type\":\"Article\",\"@id\":\"https:\\\/\\\/www.diariodebordo.net\\\/?p=34624#article\",\"isPartOf\":{\"@id\":\"https:\\\/\\\/www.diariodebordo.net\\\/?p=34624\"},\"author\":{\"name\":\"Bebeto Azevedo\",\"@id\":\"https:\\\/\\\/diariodebordo.net\\\/#\\\/schema\\\/person\\\/f7ac4c3cb0758b4042d9ee8b088132a7\"},\"headline\":\"Exposi\u00e7\u00e3o no EAST Miami da fot\u00f3grafa francesa Corinne Dubreuil\",\"datePublished\":\"2026-03-09T19:34:04+00:00\",\"dateModified\":\"2026-03-09T21:11:00+00:00\",\"mainEntityOfPage\":{\"@id\":\"https:\\\/\\\/www.diariodebordo.net\\\/?p=34624\"},\"wordCount\":672,\"commentCount\":0,\"publisher\":{\"@id\":\"https:\\\/\\\/diariodebordo.net\\\/#organization\"},\"image\":{\"@id\":\"https:\\\/\\\/www.diariodebordo.net\\\/?p=34624#primaryimage\"},\"thumbnailUrl\":\"https:\\\/\\\/www.diariodebordo.net\\\/wp-content\\\/uploads\\\/2026\\\/03\\\/Photo-of-Coco-Gauff_Credit-Corinne-Dubreuil-256x300.jpg\",\"keywords\":[\"#brasil\",\"#exposi\u00e7\u00e3o\",\"#miami\",\"#tenis\"],\"articleSection\":[\"ATUALIDADES\",\"Brasil\",\"Dia-a-Dia\",\"ENTRETENIMENTO\",\"EVENTOS\",\"LAN\u00c7AMENTOS\",\"NOT\u00cdCIA RECENTE\"],\"inLanguage\":\"pt-BR\",\"potentialAction\":[{\"@type\":\"CommentAction\",\"name\":\"Comment\",\"target\":[\"https:\\\/\\\/www.diariodebordo.net\\\/?p=34624#respond\"]}]},{\"@type\":\"WebPage\",\"@id\":\"https:\\\/\\\/www.diariodebordo.net\\\/?p=34624\",\"url\":\"https:\\\/\\\/www.diariodebordo.net\\\/?p=34624\",\"name\":\"Exposi\u00e7\u00e3o no EAST Miami da fot\u00f3grafa francesa Corinne Dubreuil - Experi\u00eancias que conectam marcas, pessoas e momentos\",\"isPartOf\":{\"@id\":\"https:\\\/\\\/diariodebordo.net\\\/#website\"},\"primaryImageOfPage\":{\"@id\":\"https:\\\/\\\/www.diariodebordo.net\\\/?p=34624#primaryimage\"},\"image\":{\"@id\":\"https:\\\/\\\/www.diariodebordo.net\\\/?p=34624#primaryimage\"},\"thumbnailUrl\":\"https:\\\/\\\/www.diariodebordo.net\\\/wp-content\\\/uploads\\\/2026\\\/03\\\/Photo-of-Coco-Gauff_Credit-Corinne-Dubreuil-256x300.jpg\",\"datePublished\":\"2026-03-09T19:34:04+00:00\",\"dateModified\":\"2026-03-09T21:11:00+00:00\",\"breadcrumb\":{\"@id\":\"https:\\\/\\\/www.diariodebordo.net\\\/?p=34624#breadcrumb\"},\"inLanguage\":\"pt-BR\",\"potentialAction\":[{\"@type\":\"ReadAction\",\"target\":[\"https:\\\/\\\/www.diariodebordo.net\\\/?p=34624\"]}]},{\"@type\":\"ImageObject\",\"inLanguage\":\"pt-BR\",\"@id\":\"https:\\\/\\\/www.diariodebordo.net\\\/?p=34624#primaryimage\",\"url\":\"https:\\\/\\\/www.diariodebordo.net\\\/wp-content\\\/uploads\\\/2026\\\/03\\\/Photo-of-Coco-Gauff_Credit-Corinne-Dubreuil-256x300.jpg\",\"contentUrl\":\"https:\\\/\\\/www.diariodebordo.net\\\/wp-content\\\/uploads\\\/2026\\\/03\\\/Photo-of-Coco-Gauff_Credit-Corinne-Dubreuil-256x300.jpg\"},{\"@type\":\"BreadcrumbList\",\"@id\":\"https:\\\/\\\/www.diariodebordo.net\\\/?p=34624#breadcrumb\",\"itemListElement\":[{\"@type\":\"ListItem\",\"position\":1,\"name\":\"In\u00edcio\",\"item\":\"https:\\\/\\\/diariodebordo.net\\\/\"},{\"@type\":\"ListItem\",\"position\":2,\"name\":\"Exposi\u00e7\u00e3o no EAST Miami da fot\u00f3grafa francesa Corinne Dubreuil\"}]},{\"@type\":\"WebSite\",\"@id\":\"https:\\\/\\\/diariodebordo.net\\\/#website\",\"url\":\"https:\\\/\\\/diariodebordo.net\\\/\",\"name\":\"Experi\u00eancias que conectam marcas, pessoas e momentos\",\"description\":\"M\u00eddia, eventos e conte\u00fado em uma plataforma que gera presen\u00e7a, relev\u00e2ncia e movimento.\",\"publisher\":{\"@id\":\"https:\\\/\\\/diariodebordo.net\\\/#organization\"},\"potentialAction\":[{\"@type\":\"SearchAction\",\"target\":{\"@type\":\"EntryPoint\",\"urlTemplate\":\"https:\\\/\\\/diariodebordo.net\\\/?s={search_term_string}\"},\"query-input\":{\"@type\":\"PropertyValueSpecification\",\"valueRequired\":true,\"valueName\":\"search_term_string\"}}],\"inLanguage\":\"pt-BR\"},{\"@type\":\"Organization\",\"@id\":\"https:\\\/\\\/diariodebordo.net\\\/#organization\",\"name\":\"Experi\u00eancias que conectam marcas, pessoas e momentos\",\"url\":\"https:\\\/\\\/diariodebordo.net\\\/\",\"logo\":{\"@type\":\"ImageObject\",\"inLanguage\":\"pt-BR\",\"@id\":\"https:\\\/\\\/diariodebordo.net\\\/#\\\/schema\\\/logo\\\/image\\\/\",\"url\":\"https:\\\/\\\/diariodebordo.net\\\/wp-content\\\/uploads\\\/2026\\\/04\\\/cropped-cropped-20260419_052322_0001-2.png\",\"contentUrl\":\"https:\\\/\\\/diariodebordo.net\\\/wp-content\\\/uploads\\\/2026\\\/04\\\/cropped-cropped-20260419_052322_0001-2.png\",\"width\":512,\"height\":214,\"caption\":\"Experi\u00eancias que conectam marcas, pessoas e momentos \"},\"image\":{\"@id\":\"https:\\\/\\\/diariodebordo.net\\\/#\\\/schema\\\/logo\\\/image\\\/\"}},{\"@type\":\"Person\",\"@id\":\"https:\\\/\\\/diariodebordo.net\\\/#\\\/schema\\\/person\\\/f7ac4c3cb0758b4042d9ee8b088132a7\",\"name\":\"Bebeto Azevedo\",\"image\":{\"@type\":\"ImageObject\",\"inLanguage\":\"pt-BR\",\"@id\":\"https:\\\/\\\/diariodebordo.net\\\/wp-content\\\/uploads\\\/2022\\\/09\\\/image1-96x96.jpg\",\"url\":\"https:\\\/\\\/diariodebordo.net\\\/wp-content\\\/uploads\\\/2022\\\/09\\\/image1-96x96.jpg\",\"contentUrl\":\"https:\\\/\\\/diariodebordo.net\\\/wp-content\\\/uploads\\\/2022\\\/09\\\/image1-96x96.jpg\",\"caption\":\"Bebeto Azevedo\"},\"url\":\"https:\\\/\\\/diariodebordo.net\\\/?author=2\"}]}<\/script>\n<!-- \/ Yoast SEO plugin. -->","yoast_head_json":{"title":"Exposi\u00e7\u00e3o no EAST Miami da fot\u00f3grafa francesa Corinne Dubreuil - Experi\u00eancias que conectam marcas, pessoas e momentos","robots":{"index":"index","follow":"follow","max-snippet":"max-snippet:-1","max-image-preview":"max-image-preview:large","max-video-preview":"max-video-preview:-1"},"canonical":"https:\/\/www.diariodebordo.net\/?p=34624","og_locale":"pt_BR","og_type":"article","og_title":"Exposi\u00e7\u00e3o no EAST Miami da fot\u00f3grafa francesa Corinne Dubreuil - Experi\u00eancias que conectam marcas, pessoas e momentos","og_description":"O hotel apresenta programa\u00e7\u00e3o exclusiva com podcast ao vivo, celebra\u00e7\u00e3o no Sugar e exposi\u00e7\u00e3o fotogr\u00e1fica ao longo de um m\u00eas &nbsp; Nesta temporada de t\u00eanis, o\u00a0EAST Miami\u00a0apresenta\u00a0Off The Court, uma programa\u00e7\u00e3o cultural imersiva criada para celebrar o Miami Open e o 10\u00ba anivers\u00e1rio do hotel. H\u00e1 uma d\u00e9cada, o \u00edcone do t\u00eanis, Roger Federer, surpreendeu","og_url":"https:\/\/www.diariodebordo.net\/?p=34624","og_site_name":"Experi\u00eancias que conectam marcas, pessoas e momentos","article_published_time":"2026-03-09T19:34:04+00:00","article_modified_time":"2026-03-09T21:11:00+00:00","og_image":[{"url":"https:\/\/www.diariodebordo.net\/wp-content\/uploads\/2026\/03\/Photo-of-Coco-Gauff_Credit-Corinne-Dubreuil-256x300.jpg","type":"","width":"","height":""}],"author":"Bebeto Azevedo","twitter_card":"summary_large_image","twitter_misc":{"Escrito por":"Bebeto Azevedo","Est. tempo de leitura":"5 minutos"},"schema":{"@context":"https:\/\/schema.org","@graph":[{"@type":"Article","@id":"https:\/\/www.diariodebordo.net\/?p=34624#article","isPartOf":{"@id":"https:\/\/www.diariodebordo.net\/?p=34624"},"author":{"name":"Bebeto Azevedo","@id":"https:\/\/diariodebordo.net\/#\/schema\/person\/f7ac4c3cb0758b4042d9ee8b088132a7"},"headline":"Exposi\u00e7\u00e3o no EAST Miami da fot\u00f3grafa francesa Corinne Dubreuil","datePublished":"2026-03-09T19:34:04+00:00","dateModified":"2026-03-09T21:11:00+00:00","mainEntityOfPage":{"@id":"https:\/\/www.diariodebordo.net\/?p=34624"},"wordCount":672,"commentCount":0,"publisher":{"@id":"https:\/\/diariodebordo.net\/#organization"},"image":{"@id":"https:\/\/www.diariodebordo.net\/?p=34624#primaryimage"},"thumbnailUrl":"https:\/\/www.diariodebordo.net\/wp-content\/uploads\/2026\/03\/Photo-of-Coco-Gauff_Credit-Corinne-Dubreuil-256x300.jpg","keywords":["#brasil","#exposi\u00e7\u00e3o","#miami","#tenis"],"articleSection":["ATUALIDADES","Brasil","Dia-a-Dia","ENTRETENIMENTO","EVENTOS","LAN\u00c7AMENTOS","NOT\u00cdCIA RECENTE"],"inLanguage":"pt-BR","potentialAction":[{"@type":"CommentAction","name":"Comment","target":["https:\/\/www.diariodebordo.net\/?p=34624#respond"]}]},{"@type":"WebPage","@id":"https:\/\/www.diariodebordo.net\/?p=34624","url":"https:\/\/www.diariodebordo.net\/?p=34624","name":"Exposi\u00e7\u00e3o no EAST Miami da fot\u00f3grafa francesa Corinne Dubreuil - Experi\u00eancias que conectam marcas, pessoas e momentos","isPartOf":{"@id":"https:\/\/diariodebordo.net\/#website"},"primaryImageOfPage":{"@id":"https:\/\/www.diariodebordo.net\/?p=34624#primaryimage"},"image":{"@id":"https:\/\/www.diariodebordo.net\/?p=34624#primaryimage"},"thumbnailUrl":"https:\/\/www.diariodebordo.net\/wp-content\/uploads\/2026\/03\/Photo-of-Coco-Gauff_Credit-Corinne-Dubreuil-256x300.jpg","datePublished":"2026-03-09T19:34:04+00:00","dateModified":"2026-03-09T21:11:00+00:00","breadcrumb":{"@id":"https:\/\/www.diariodebordo.net\/?p=34624#breadcrumb"},"inLanguage":"pt-BR","potentialAction":[{"@type":"ReadAction","target":["https:\/\/www.diariodebordo.net\/?p=34624"]}]},{"@type":"ImageObject","inLanguage":"pt-BR","@id":"https:\/\/www.diariodebordo.net\/?p=34624#primaryimage","url":"https:\/\/www.diariodebordo.net\/wp-content\/uploads\/2026\/03\/Photo-of-Coco-Gauff_Credit-Corinne-Dubreuil-256x300.jpg","contentUrl":"https:\/\/www.diariodebordo.net\/wp-content\/uploads\/2026\/03\/Photo-of-Coco-Gauff_Credit-Corinne-Dubreuil-256x300.jpg"},{"@type":"BreadcrumbList","@id":"https:\/\/www.diariodebordo.net\/?p=34624#breadcrumb","itemListElement":[{"@type":"ListItem","position":1,"name":"In\u00edcio","item":"https:\/\/diariodebordo.net\/"},{"@type":"ListItem","position":2,"name":"Exposi\u00e7\u00e3o no EAST Miami da fot\u00f3grafa francesa Corinne Dubreuil"}]},{"@type":"WebSite","@id":"https:\/\/diariodebordo.net\/#website","url":"https:\/\/diariodebordo.net\/","name":"Experi\u00eancias que conectam marcas, pessoas e momentos","description":"M\u00eddia, eventos e conte\u00fado em uma plataforma que gera presen\u00e7a, relev\u00e2ncia e movimento.","publisher":{"@id":"https:\/\/diariodebordo.net\/#organization"},"potentialAction":[{"@type":"SearchAction","target":{"@type":"EntryPoint","urlTemplate":"https:\/\/diariodebordo.net\/?s={search_term_string}"},"query-input":{"@type":"PropertyValueSpecification","valueRequired":true,"valueName":"search_term_string"}}],"inLanguage":"pt-BR"},{"@type":"Organization","@id":"https:\/\/diariodebordo.net\/#organization","name":"Experi\u00eancias que conectam marcas, pessoas e momentos","url":"https:\/\/diariodebordo.net\/","logo":{"@type":"ImageObject","inLanguage":"pt-BR","@id":"https:\/\/diariodebordo.net\/#\/schema\/logo\/image\/","url":"https:\/\/diariodebordo.net\/wp-content\/uploads\/2026\/04\/cropped-cropped-20260419_052322_0001-2.png","contentUrl":"https:\/\/diariodebordo.net\/wp-content\/uploads\/2026\/04\/cropped-cropped-20260419_052322_0001-2.png","width":512,"height":214,"caption":"Experi\u00eancias que conectam marcas, pessoas e momentos "},"image":{"@id":"https:\/\/diariodebordo.net\/#\/schema\/logo\/image\/"}},{"@type":"Person","@id":"https:\/\/diariodebordo.net\/#\/schema\/person\/f7ac4c3cb0758b4042d9ee8b088132a7","name":"Bebeto Azevedo","image":{"@type":"ImageObject","inLanguage":"pt-BR","@id":"https:\/\/diariodebordo.net\/wp-content\/uploads\/2022\/09\/image1-96x96.jpg","url":"https:\/\/diariodebordo.net\/wp-content\/uploads\/2022\/09\/image1-96x96.jpg","contentUrl":"https:\/\/diariodebordo.net\/wp-content\/uploads\/2022\/09\/image1-96x96.jpg","caption":"Bebeto Azevedo"},"url":"https:\/\/diariodebordo.net\/?author=2"}]}},"_links":{"self":[{"href":"https:\/\/diariodebordo.net\/index.php?rest_route=\/wp\/v2\/posts\/34624","targetHints":{"allow":["GET"]}}],"collection":[{"href":"https:\/\/diariodebordo.net\/index.php?rest_route=\/wp\/v2\/posts"}],"about":[{"href":"https:\/\/diariodebordo.net\/index.php?rest_route=\/wp\/v2\/types\/post"}],"author":[{"embeddable":true,"href":"https:\/\/diariodebordo.net\/index.php?rest_route=\/wp\/v2\/users\/2"}],"replies":[{"embeddable":true,"href":"https:\/\/diariodebordo.net\/index.php?rest_route=%2Fwp%2Fv2%2Fcomments&post=34624"}],"version-history":[{"count":5,"href":"https:\/\/diariodebordo.net\/index.php?rest_route=\/wp\/v2\/posts\/34624\/revisions"}],"predecessor-version":[{"id":34643,"href":"https:\/\/diariodebordo.net\/index.php?rest_route=\/wp\/v2\/posts\/34624\/revisions\/34643"}],"wp:attachment":[{"href":"https:\/\/diariodebordo.net\/index.php?rest_route=%2Fwp%2Fv2%2Fmedia&parent=34624"}],"wp:term":[{"taxonomy":"category","embeddable":true,"href":"https:\/\/diariodebordo.net\/index.php?rest_route=%2Fwp%2Fv2%2Fcategories&post=34624"},{"taxonomy":"post_tag","embeddable":true,"href":"https:\/\/diariodebordo.net\/index.php?rest_route=%2Fwp%2Fv2%2Ftags&post=34624"}],"curies":[{"name":"wp","href":"https:\/\/api.w.org\/{rel}","templated":true}]}}