{"id":34696,"date":"2026-03-10T06:30:09","date_gmt":"2026-03-10T09:30:09","guid":{"rendered":"https:\/\/www.diariodebordo.net\/?p=34696"},"modified":"2026-03-10T06:30:09","modified_gmt":"2026-03-10T09:30:09","slug":"festa-da-vindima-inaugura-o-wc7-e-propoe-um-novo-jeito-de-beber-vinho-em-porto-alegre","status":"publish","type":"post","link":"https:\/\/diariodebordo.net\/?p=34696","title":{"rendered":"Festa da Vindima inaugura o WC7 e prop\u00f5e um novo jeito de beber vinho em Porto Alegre"},"content":{"rendered":"<div style=\"text-align: left;\"><img loading=\"lazy\" decoding=\"async\" class=\"aligncenter size-medium wp-image-34697\" src=\"https:\/\/www.diariodebordo.net\/wp-content\/uploads\/2026\/03\/IMG_1964-169x300.jpeg\" alt=\"\" width=\"169\" height=\"300\" srcset=\"https:\/\/diariodebordo.net\/wp-content\/uploads\/2026\/03\/IMG_1964-169x300.jpeg 169w, https:\/\/diariodebordo.net\/wp-content\/uploads\/2026\/03\/IMG_1964-576x1024.jpeg 576w, https:\/\/diariodebordo.net\/wp-content\/uploads\/2026\/03\/IMG_1964-768x1365.jpeg 768w, https:\/\/diariodebordo.net\/wp-content\/uploads\/2026\/03\/IMG_1964-864x1536.jpeg 864w, https:\/\/diariodebordo.net\/wp-content\/uploads\/2026\/03\/IMG_1964-1152x2048.jpeg 1152w, https:\/\/diariodebordo.net\/wp-content\/uploads\/2026\/03\/IMG_1964-scaled.jpeg 1440w\" sizes=\"auto, (max-width: 169px) 100vw, 169px\" \/><br \/>\nPorto Alegre ganha neste domingo (15) um novo cap\u00edtulo na forma de celebrar o vinho. A partir das 17h, o p\u00e1tio do Bar Pen\u00ednsula, na avenida Anita Garibaldi, recebe a primeira edi\u00e7\u00e3o do <b>WC7 \u2014 Wine Seven Club<\/b>, que estreia em clima de <b>Festa da Vindima 2026<\/b>, reunindo produtores, m\u00fasica ao vivo, gastronomia e r\u00f3tulos servidos em ta\u00e7a.<\/div>\n<div style=\"text-align: left;\">Mais do que um evento, a proposta nasce quase como um manifesto. O WC7 surge do desconforto com um formato que se tornou comum no universo do vinho: r\u00f3tulos interessantes apresentados em ambientes frios, t\u00e9cnicos demais ou pouco convidativos para permanecer. A ideia aqui \u00e9 inverter a l\u00f3gica.<\/div>\n<div style=\"text-align: left;\">N\u00e3o se trata de feira nem de festival. \u00c9 clube. Um encontro onde a curadoria, a trilha sonora e o ambiente s\u00e3o pensados para que o vinho seja vivido \u2014 e n\u00e3o apenas degustado.<\/div>\n<div style=\"text-align: left;\">Na estreia, sete pequenos produtores ga\u00fachos apresentam dois r\u00f3tulos cada, servidos diretamente por quem os produz. Espumantes, petnats, ros\u00e9s frescos, laranjas e tintos jovens e vibrantes comp\u00f5em o repert\u00f3rio da noite \u2014 sempre acompanhados de conversa, hist\u00f3ria e proximidade com o p\u00fablico.<\/div>\n<div style=\"text-align: left;\">Participam da primeira edi\u00e7\u00e3o:<\/div>\n<ul style=\"text-align: left;\">\n<li>Vinhos da Rua do Urtig\u00e3o (Taquara)<\/li>\n<li>Cantina Mincarone (Porto Alegre)<\/li>\n<li>Cave Poseidon (Porto Alegre)<\/li>\n<li>Vin\u00edcola Pianegonda (Viam\u00e3o)<\/li>\n<li>Penzo (Monte Belo do Sul)<\/li>\n<li>Negroponte (Monte Belo do Sul)<\/li>\n<li>Fam\u00edlia Boroto (Garibaldi)<\/li>\n<\/ul>\n<div style=\"text-align: left;\">Como participa\u00e7\u00e3o especial, o evento recebe tamb\u00e9m o <b>Lote Frighetto<\/b>, que apresenta o rec\u00e9m-lan\u00e7ado <b>Lote Tinto 01<\/b>, produzido em Caxias do Sul pela en\u00f3loga Nath\u00e1lia Frighetto.<\/div>\n<div style=\"text-align: left;\">A din\u00e2mica \u00e9 descomplicada: ta\u00e7as circulando, m\u00fasica no volume certo e gente disposta a descobrir novos sabores. No palco, o m\u00fasico<b>Moreno Moraes<\/b>\u00a0se apresenta ao vivo, enquanto um DJ completa a trilha sonora da noite.<\/div>\n<div style=\"text-align: left;\">Na parte gastron\u00f4mica, pizzas da Ciao, espetinhos de carne e legumes, petiscos do pr\u00f3prio Pen\u00ednsula e tradicionais doces de Pelotas acompanham a degusta\u00e7\u00e3o.<\/div>\n<div style=\"text-align: left;\">Os vinhos ser\u00e3o comercializados em ta\u00e7a, e os ingressos antecipados j\u00e1 est\u00e3o dispon\u00edveis online. As op\u00e7\u00f5es incluem ta\u00e7as avulsas, combos para degusta\u00e7\u00e3o e uma ta\u00e7a de cristal Tanyno exclusiva criada para o evento.<\/div>\n<div style=\"text-align: left;\">Com patroc\u00ednio da <b>Cave Winex<\/b>, plataforma que se apresenta como a primeira IA Sommelier dedicada a conectar produtores e consumidores, o WC7 estreia com uma proposta clara: tirar o vinho do pedestal e coloc\u00e1-lo de volta \u00e0 mesa \u2014 entre amigos, m\u00fasica e boas conversas.<\/div>\n<div style=\"text-align: left;\">A Festa da Vindima inaugura, assim, um novo espa\u00e7o de encontro para quem gosta de vinho sem formalidade excessiva, mas com inten\u00e7\u00e3o. Um convite para beber com curiosidade, conversar sem pressa e descobrir o que est\u00e1 sendo produzido por uma nova gera\u00e7\u00e3o de vinhateiros ga\u00fachos.<\/div>\n<div style=\"text-align: left;\"><b><br \/>\nIngressos antecipados:<\/b><\/div>\n<div style=\"text-align: left;\">Os vinhos ser\u00e3o vendidos em ta\u00e7a, e os ingressos antecipados est\u00e3o dispon\u00edveis online.<\/div>\n<div style=\"text-align: left;\">\ud83d\udccd\u00a0Bar Pen\u00ednsula \u2014 <span dir=\"ltr\">Av. Anita Garibaldi, 694<\/span><br \/>\n\ud83d\uddd3\u00a0<span dir=\"ltr\">Domingo, 15 de mar\u00e7o<\/span>, a partir das 17h<\/div>\n<div style=\"text-align: left;\">\ud83c\udf9f <u><a id=\"OWA602b53c5-2cbf-855d-d709-39ea16f711a4\" class=\"x_x_x_x_x_x_x_x_x_OWAAutoLink\" href=\"https:\/\/cavewinex.ai\/C7_festadavindima\" data-auth=\"NotApplicable\">https:\/\/cavewinex.ai\/C7_festadavindima<\/a><\/u><\/div>\n<p>&nbsp;<\/p>\n<p><img loading=\"lazy\" decoding=\"async\" class=\"alignright size-medium wp-image-34698\" src=\"https:\/\/www.diariodebordo.net\/wp-content\/uploads\/2026\/03\/IMG_1905-300x157.jpeg\" alt=\"\" width=\"300\" height=\"157\" srcset=\"https:\/\/diariodebordo.net\/wp-content\/uploads\/2026\/03\/IMG_1905-300x157.jpeg 300w, https:\/\/diariodebordo.net\/wp-content\/uploads\/2026\/03\/IMG_1905-1024x537.jpeg 1024w, https:\/\/diariodebordo.net\/wp-content\/uploads\/2026\/03\/IMG_1905-768x403.jpeg 768w, https:\/\/diariodebordo.net\/wp-content\/uploads\/2026\/03\/IMG_1905-1536x805.jpeg 1536w, https:\/\/diariodebordo.net\/wp-content\/uploads\/2026\/03\/IMG_1905-2048x1074.jpeg 2048w\" sizes=\"auto, (max-width: 300px) 100vw, 300px\" \/> <img loading=\"lazy\" decoding=\"async\" class=\"aligncenter size-medium wp-image-34699\" src=\"https:\/\/www.diariodebordo.net\/wp-content\/uploads\/2026\/03\/IMG_1950-300x169.jpeg\" alt=\"\" width=\"300\" height=\"169\" srcset=\"https:\/\/diariodebordo.net\/wp-content\/uploads\/2026\/03\/IMG_1950-300x169.jpeg 300w, https:\/\/diariodebordo.net\/wp-content\/uploads\/2026\/03\/IMG_1950-1024x576.jpeg 1024w, https:\/\/diariodebordo.net\/wp-content\/uploads\/2026\/03\/IMG_1950-768x432.jpeg 768w, https:\/\/diariodebordo.net\/wp-content\/uploads\/2026\/03\/IMG_1950-1536x864.jpeg 1536w, https:\/\/diariodebordo.net\/wp-content\/uploads\/2026\/03\/IMG_1950-2048x1152.jpeg 2048w\" sizes=\"auto, (max-width: 300px) 100vw, 300px\" \/> <img loading=\"lazy\" decoding=\"async\" class=\"alignleft size-medium wp-image-34700\" src=\"https:\/\/www.diariodebordo.net\/wp-content\/uploads\/2026\/03\/IMG_1935-300x169.jpeg\" alt=\"\" width=\"300\" height=\"169\" srcset=\"https:\/\/diariodebordo.net\/wp-content\/uploads\/2026\/03\/IMG_1935-300x169.jpeg 300w, https:\/\/diariodebordo.net\/wp-content\/uploads\/2026\/03\/IMG_1935-1024x576.jpeg 1024w, https:\/\/diariodebordo.net\/wp-content\/uploads\/2026\/03\/IMG_1935-768x432.jpeg 768w, https:\/\/diariodebordo.net\/wp-content\/uploads\/2026\/03\/IMG_1935-1536x864.jpeg 1536w, https:\/\/diariodebordo.net\/wp-content\/uploads\/2026\/03\/IMG_1935-2048x1152.jpeg 2048w\" sizes=\"auto, (max-width: 300px) 100vw, 300px\" \/><\/p>\n","protected":false},"excerpt":{"rendered":"<p>Porto Alegre ganha neste domingo (15) um novo cap\u00edtulo na forma de celebrar o vinho. A partir das 17h, o p\u00e1tio do Bar Pen\u00ednsula, na avenida Anita Garibaldi, recebe a primeira edi\u00e7\u00e3o do WC7 \u2014 Wine Seven Club, que estreia em clima de Festa da Vindima 2026, reunindo produtores, m\u00fasica ao vivo, gastronomia e r\u00f3tulos<\/p>\n","protected":false},"author":13,"featured_media":0,"comment_status":"open","ping_status":"open","sticky":true,"template":"","format":"standard","meta":{"_eb_attr":"","inline_featured_image":false,"_joinchat":[],"footnotes":""},"categories":[156,63,1,88,89,119,87,66,65,187,62,184],"tags":[],"class_list":["post-34696","post","type-post","status-publish","format-standard","hentry","category-atualidades","category-destaques","category-dia-a-dia","category-empresarial","category-entretenimento","category-eventos","category-gastronomia","category-lancamentos","category-noticia-recente","category-rio-grande-do-sul","category-social","category-verao-2026"],"acf":[],"yoast_head":"<!-- This site is optimized with the Yoast SEO plugin v27.5 - https:\/\/yoast.com\/product\/yoast-seo-wordpress\/ -->\n<title>Festa da Vindima inaugura o WC7 e prop\u00f5e um novo jeito de beber vinho em Porto Alegre - Experi\u00eancias que conectam marcas, pessoas e momentos<\/title>\n<meta name=\"robots\" content=\"index, follow, max-snippet:-1, max-image-preview:large, max-video-preview:-1\" \/>\n<link rel=\"canonical\" href=\"https:\/\/www.diariodebordo.net\/?p=34696\" \/>\n<meta property=\"og:locale\" content=\"pt_BR\" \/>\n<meta property=\"og:type\" content=\"article\" \/>\n<meta property=\"og:title\" content=\"Festa da Vindima inaugura o WC7 e prop\u00f5e um novo jeito de beber vinho em Porto Alegre - Experi\u00eancias que conectam marcas, pessoas e momentos\" \/>\n<meta property=\"og:description\" content=\"Porto Alegre ganha neste domingo (15) um novo cap\u00edtulo na forma de celebrar o vinho. A partir das 17h, o p\u00e1tio do Bar Pen\u00ednsula, na avenida Anita Garibaldi, recebe a primeira edi\u00e7\u00e3o do WC7 \u2014 Wine Seven Club, que estreia em clima de Festa da Vindima 2026, reunindo produtores, m\u00fasica ao vivo, gastronomia e r\u00f3tulos\" \/>\n<meta property=\"og:url\" content=\"https:\/\/www.diariodebordo.net\/?p=34696\" \/>\n<meta property=\"og:site_name\" content=\"Experi\u00eancias que conectam marcas, pessoas e momentos\" \/>\n<meta property=\"article:published_time\" content=\"2026-03-10T09:30:09+00:00\" \/>\n<meta property=\"og:image\" content=\"https:\/\/www.diariodebordo.net\/wp-content\/uploads\/2026\/03\/IMG_1964-169x300.jpeg\" \/>\n<meta name=\"author\" content=\"Thiago Soares\" \/>\n<meta name=\"twitter:card\" content=\"summary_large_image\" \/>\n<meta name=\"twitter:label1\" content=\"Escrito por\" \/>\n\t<meta name=\"twitter:data1\" content=\"Thiago Soares\" \/>\n\t<meta name=\"twitter:label2\" content=\"Est. tempo de leitura\" \/>\n\t<meta name=\"twitter:data2\" content=\"4 minutos\" \/>\n<script type=\"application\/ld+json\" class=\"yoast-schema-graph\">{\"@context\":\"https:\\\/\\\/schema.org\",\"@graph\":[{\"@type\":\"Article\",\"@id\":\"https:\\\/\\\/www.diariodebordo.net\\\/?p=34696#article\",\"isPartOf\":{\"@id\":\"https:\\\/\\\/www.diariodebordo.net\\\/?p=34696\"},\"author\":{\"name\":\"Thiago Soares\",\"@id\":\"https:\\\/\\\/diariodebordo.net\\\/#\\\/schema\\\/person\\\/2983b623551b91c75a103029fb634a78\"},\"headline\":\"Festa da Vindima inaugura o WC7 e prop\u00f5e um novo jeito de beber vinho em Porto Alegre\",\"datePublished\":\"2026-03-10T09:30:09+00:00\",\"mainEntityOfPage\":{\"@id\":\"https:\\\/\\\/www.diariodebordo.net\\\/?p=34696\"},\"wordCount\":523,\"commentCount\":0,\"publisher\":{\"@id\":\"https:\\\/\\\/diariodebordo.net\\\/#organization\"},\"image\":{\"@id\":\"https:\\\/\\\/www.diariodebordo.net\\\/?p=34696#primaryimage\"},\"thumbnailUrl\":\"https:\\\/\\\/www.diariodebordo.net\\\/wp-content\\\/uploads\\\/2026\\\/03\\\/IMG_1964-169x300.jpeg\",\"articleSection\":[\"ATUALIDADES\",\"DESTAQUES\",\"Dia-a-Dia\",\"EMPRESARIAL\",\"ENTRETENIMENTO\",\"EVENTOS\",\"GASTRONOMIA\",\"LAN\u00c7AMENTOS\",\"NOT\u00cdCIA RECENTE\",\"Rio Grande do Sul\",\"Social\",\"Ver\u00e3o 2026\"],\"inLanguage\":\"pt-BR\",\"potentialAction\":[{\"@type\":\"CommentAction\",\"name\":\"Comment\",\"target\":[\"https:\\\/\\\/www.diariodebordo.net\\\/?p=34696#respond\"]}]},{\"@type\":\"WebPage\",\"@id\":\"https:\\\/\\\/www.diariodebordo.net\\\/?p=34696\",\"url\":\"https:\\\/\\\/www.diariodebordo.net\\\/?p=34696\",\"name\":\"Festa da Vindima inaugura o WC7 e prop\u00f5e um novo jeito de beber vinho em Porto Alegre - Experi\u00eancias que conectam marcas, pessoas e momentos\",\"isPartOf\":{\"@id\":\"https:\\\/\\\/diariodebordo.net\\\/#website\"},\"primaryImageOfPage\":{\"@id\":\"https:\\\/\\\/www.diariodebordo.net\\\/?p=34696#primaryimage\"},\"image\":{\"@id\":\"https:\\\/\\\/www.diariodebordo.net\\\/?p=34696#primaryimage\"},\"thumbnailUrl\":\"https:\\\/\\\/www.diariodebordo.net\\\/wp-content\\\/uploads\\\/2026\\\/03\\\/IMG_1964-169x300.jpeg\",\"datePublished\":\"2026-03-10T09:30:09+00:00\",\"breadcrumb\":{\"@id\":\"https:\\\/\\\/www.diariodebordo.net\\\/?p=34696#breadcrumb\"},\"inLanguage\":\"pt-BR\",\"potentialAction\":[{\"@type\":\"ReadAction\",\"target\":[\"https:\\\/\\\/www.diariodebordo.net\\\/?p=34696\"]}]},{\"@type\":\"ImageObject\",\"inLanguage\":\"pt-BR\",\"@id\":\"https:\\\/\\\/www.diariodebordo.net\\\/?p=34696#primaryimage\",\"url\":\"https:\\\/\\\/www.diariodebordo.net\\\/wp-content\\\/uploads\\\/2026\\\/03\\\/IMG_1964-169x300.jpeg\",\"contentUrl\":\"https:\\\/\\\/www.diariodebordo.net\\\/wp-content\\\/uploads\\\/2026\\\/03\\\/IMG_1964-169x300.jpeg\"},{\"@type\":\"BreadcrumbList\",\"@id\":\"https:\\\/\\\/www.diariodebordo.net\\\/?p=34696#breadcrumb\",\"itemListElement\":[{\"@type\":\"ListItem\",\"position\":1,\"name\":\"In\u00edcio\",\"item\":\"https:\\\/\\\/diariodebordo.net\\\/\"},{\"@type\":\"ListItem\",\"position\":2,\"name\":\"Festa da Vindima inaugura o WC7 e prop\u00f5e um novo jeito de beber vinho em Porto Alegre\"}]},{\"@type\":\"WebSite\",\"@id\":\"https:\\\/\\\/diariodebordo.net\\\/#website\",\"url\":\"https:\\\/\\\/diariodebordo.net\\\/\",\"name\":\"Experi\u00eancias que conectam marcas, pessoas e momentos\",\"description\":\"M\u00eddia, eventos e conte\u00fado em uma plataforma que gera presen\u00e7a, relev\u00e2ncia e movimento.\",\"publisher\":{\"@id\":\"https:\\\/\\\/diariodebordo.net\\\/#organization\"},\"potentialAction\":[{\"@type\":\"SearchAction\",\"target\":{\"@type\":\"EntryPoint\",\"urlTemplate\":\"https:\\\/\\\/diariodebordo.net\\\/?s={search_term_string}\"},\"query-input\":{\"@type\":\"PropertyValueSpecification\",\"valueRequired\":true,\"valueName\":\"search_term_string\"}}],\"inLanguage\":\"pt-BR\"},{\"@type\":\"Organization\",\"@id\":\"https:\\\/\\\/diariodebordo.net\\\/#organization\",\"name\":\"Experi\u00eancias que conectam marcas, pessoas e momentos\",\"url\":\"https:\\\/\\\/diariodebordo.net\\\/\",\"logo\":{\"@type\":\"ImageObject\",\"inLanguage\":\"pt-BR\",\"@id\":\"https:\\\/\\\/diariodebordo.net\\\/#\\\/schema\\\/logo\\\/image\\\/\",\"url\":\"https:\\\/\\\/diariodebordo.net\\\/wp-content\\\/uploads\\\/2026\\\/04\\\/cropped-cropped-20260419_052322_0001-2.png\",\"contentUrl\":\"https:\\\/\\\/diariodebordo.net\\\/wp-content\\\/uploads\\\/2026\\\/04\\\/cropped-cropped-20260419_052322_0001-2.png\",\"width\":512,\"height\":214,\"caption\":\"Experi\u00eancias que conectam marcas, pessoas e momentos \"},\"image\":{\"@id\":\"https:\\\/\\\/diariodebordo.net\\\/#\\\/schema\\\/logo\\\/image\\\/\"}},{\"@type\":\"Person\",\"@id\":\"https:\\\/\\\/diariodebordo.net\\\/#\\\/schema\\\/person\\\/2983b623551b91c75a103029fb634a78\",\"name\":\"Thiago Soares\",\"image\":{\"@type\":\"ImageObject\",\"inLanguage\":\"pt-BR\",\"@id\":\"https:\\\/\\\/diariodebordo.net\\\/wp-content\\\/uploads\\\/2022\\\/09\\\/cropped-image9-96x96.jpg\",\"url\":\"https:\\\/\\\/diariodebordo.net\\\/wp-content\\\/uploads\\\/2022\\\/09\\\/cropped-image9-96x96.jpg\",\"contentUrl\":\"https:\\\/\\\/diariodebordo.net\\\/wp-content\\\/uploads\\\/2022\\\/09\\\/cropped-image9-96x96.jpg\",\"caption\":\"Thiago Soares\"},\"url\":\"https:\\\/\\\/diariodebordo.net\\\/?author=13\"}]}<\/script>\n<!-- \/ Yoast SEO plugin. -->","yoast_head_json":{"title":"Festa da Vindima inaugura o WC7 e prop\u00f5e um novo jeito de beber vinho em Porto Alegre - Experi\u00eancias que conectam marcas, pessoas e momentos","robots":{"index":"index","follow":"follow","max-snippet":"max-snippet:-1","max-image-preview":"max-image-preview:large","max-video-preview":"max-video-preview:-1"},"canonical":"https:\/\/www.diariodebordo.net\/?p=34696","og_locale":"pt_BR","og_type":"article","og_title":"Festa da Vindima inaugura o WC7 e prop\u00f5e um novo jeito de beber vinho em Porto Alegre - Experi\u00eancias que conectam marcas, pessoas e momentos","og_description":"Porto Alegre ganha neste domingo (15) um novo cap\u00edtulo na forma de celebrar o vinho. A partir das 17h, o p\u00e1tio do Bar Pen\u00ednsula, na avenida Anita Garibaldi, recebe a primeira edi\u00e7\u00e3o do WC7 \u2014 Wine Seven Club, que estreia em clima de Festa da Vindima 2026, reunindo produtores, m\u00fasica ao vivo, gastronomia e r\u00f3tulos","og_url":"https:\/\/www.diariodebordo.net\/?p=34696","og_site_name":"Experi\u00eancias que conectam marcas, pessoas e momentos","article_published_time":"2026-03-10T09:30:09+00:00","og_image":[{"url":"https:\/\/www.diariodebordo.net\/wp-content\/uploads\/2026\/03\/IMG_1964-169x300.jpeg","type":"","width":"","height":""}],"author":"Thiago Soares","twitter_card":"summary_large_image","twitter_misc":{"Escrito por":"Thiago Soares","Est. tempo de leitura":"4 minutos"},"schema":{"@context":"https:\/\/schema.org","@graph":[{"@type":"Article","@id":"https:\/\/www.diariodebordo.net\/?p=34696#article","isPartOf":{"@id":"https:\/\/www.diariodebordo.net\/?p=34696"},"author":{"name":"Thiago Soares","@id":"https:\/\/diariodebordo.net\/#\/schema\/person\/2983b623551b91c75a103029fb634a78"},"headline":"Festa da Vindima inaugura o WC7 e prop\u00f5e um novo jeito de beber vinho em Porto Alegre","datePublished":"2026-03-10T09:30:09+00:00","mainEntityOfPage":{"@id":"https:\/\/www.diariodebordo.net\/?p=34696"},"wordCount":523,"commentCount":0,"publisher":{"@id":"https:\/\/diariodebordo.net\/#organization"},"image":{"@id":"https:\/\/www.diariodebordo.net\/?p=34696#primaryimage"},"thumbnailUrl":"https:\/\/www.diariodebordo.net\/wp-content\/uploads\/2026\/03\/IMG_1964-169x300.jpeg","articleSection":["ATUALIDADES","DESTAQUES","Dia-a-Dia","EMPRESARIAL","ENTRETENIMENTO","EVENTOS","GASTRONOMIA","LAN\u00c7AMENTOS","NOT\u00cdCIA RECENTE","Rio Grande do Sul","Social","Ver\u00e3o 2026"],"inLanguage":"pt-BR","potentialAction":[{"@type":"CommentAction","name":"Comment","target":["https:\/\/www.diariodebordo.net\/?p=34696#respond"]}]},{"@type":"WebPage","@id":"https:\/\/www.diariodebordo.net\/?p=34696","url":"https:\/\/www.diariodebordo.net\/?p=34696","name":"Festa da Vindima inaugura o WC7 e prop\u00f5e um novo jeito de beber vinho em Porto Alegre - Experi\u00eancias que conectam marcas, pessoas e momentos","isPartOf":{"@id":"https:\/\/diariodebordo.net\/#website"},"primaryImageOfPage":{"@id":"https:\/\/www.diariodebordo.net\/?p=34696#primaryimage"},"image":{"@id":"https:\/\/www.diariodebordo.net\/?p=34696#primaryimage"},"thumbnailUrl":"https:\/\/www.diariodebordo.net\/wp-content\/uploads\/2026\/03\/IMG_1964-169x300.jpeg","datePublished":"2026-03-10T09:30:09+00:00","breadcrumb":{"@id":"https:\/\/www.diariodebordo.net\/?p=34696#breadcrumb"},"inLanguage":"pt-BR","potentialAction":[{"@type":"ReadAction","target":["https:\/\/www.diariodebordo.net\/?p=34696"]}]},{"@type":"ImageObject","inLanguage":"pt-BR","@id":"https:\/\/www.diariodebordo.net\/?p=34696#primaryimage","url":"https:\/\/www.diariodebordo.net\/wp-content\/uploads\/2026\/03\/IMG_1964-169x300.jpeg","contentUrl":"https:\/\/www.diariodebordo.net\/wp-content\/uploads\/2026\/03\/IMG_1964-169x300.jpeg"},{"@type":"BreadcrumbList","@id":"https:\/\/www.diariodebordo.net\/?p=34696#breadcrumb","itemListElement":[{"@type":"ListItem","position":1,"name":"In\u00edcio","item":"https:\/\/diariodebordo.net\/"},{"@type":"ListItem","position":2,"name":"Festa da Vindima inaugura o WC7 e prop\u00f5e um novo jeito de beber vinho em Porto Alegre"}]},{"@type":"WebSite","@id":"https:\/\/diariodebordo.net\/#website","url":"https:\/\/diariodebordo.net\/","name":"Experi\u00eancias que conectam marcas, pessoas e momentos","description":"M\u00eddia, eventos e conte\u00fado em uma plataforma que gera presen\u00e7a, relev\u00e2ncia e movimento.","publisher":{"@id":"https:\/\/diariodebordo.net\/#organization"},"potentialAction":[{"@type":"SearchAction","target":{"@type":"EntryPoint","urlTemplate":"https:\/\/diariodebordo.net\/?s={search_term_string}"},"query-input":{"@type":"PropertyValueSpecification","valueRequired":true,"valueName":"search_term_string"}}],"inLanguage":"pt-BR"},{"@type":"Organization","@id":"https:\/\/diariodebordo.net\/#organization","name":"Experi\u00eancias que conectam marcas, pessoas e momentos","url":"https:\/\/diariodebordo.net\/","logo":{"@type":"ImageObject","inLanguage":"pt-BR","@id":"https:\/\/diariodebordo.net\/#\/schema\/logo\/image\/","url":"https:\/\/diariodebordo.net\/wp-content\/uploads\/2026\/04\/cropped-cropped-20260419_052322_0001-2.png","contentUrl":"https:\/\/diariodebordo.net\/wp-content\/uploads\/2026\/04\/cropped-cropped-20260419_052322_0001-2.png","width":512,"height":214,"caption":"Experi\u00eancias que conectam marcas, pessoas e momentos "},"image":{"@id":"https:\/\/diariodebordo.net\/#\/schema\/logo\/image\/"}},{"@type":"Person","@id":"https:\/\/diariodebordo.net\/#\/schema\/person\/2983b623551b91c75a103029fb634a78","name":"Thiago Soares","image":{"@type":"ImageObject","inLanguage":"pt-BR","@id":"https:\/\/diariodebordo.net\/wp-content\/uploads\/2022\/09\/cropped-image9-96x96.jpg","url":"https:\/\/diariodebordo.net\/wp-content\/uploads\/2022\/09\/cropped-image9-96x96.jpg","contentUrl":"https:\/\/diariodebordo.net\/wp-content\/uploads\/2022\/09\/cropped-image9-96x96.jpg","caption":"Thiago Soares"},"url":"https:\/\/diariodebordo.net\/?author=13"}]}},"_links":{"self":[{"href":"https:\/\/diariodebordo.net\/index.php?rest_route=\/wp\/v2\/posts\/34696","targetHints":{"allow":["GET"]}}],"collection":[{"href":"https:\/\/diariodebordo.net\/index.php?rest_route=\/wp\/v2\/posts"}],"about":[{"href":"https:\/\/diariodebordo.net\/index.php?rest_route=\/wp\/v2\/types\/post"}],"author":[{"embeddable":true,"href":"https:\/\/diariodebordo.net\/index.php?rest_route=\/wp\/v2\/users\/13"}],"replies":[{"embeddable":true,"href":"https:\/\/diariodebordo.net\/index.php?rest_route=%2Fwp%2Fv2%2Fcomments&post=34696"}],"version-history":[{"count":1,"href":"https:\/\/diariodebordo.net\/index.php?rest_route=\/wp\/v2\/posts\/34696\/revisions"}],"predecessor-version":[{"id":34702,"href":"https:\/\/diariodebordo.net\/index.php?rest_route=\/wp\/v2\/posts\/34696\/revisions\/34702"}],"wp:attachment":[{"href":"https:\/\/diariodebordo.net\/index.php?rest_route=%2Fwp%2Fv2%2Fmedia&parent=34696"}],"wp:term":[{"taxonomy":"category","embeddable":true,"href":"https:\/\/diariodebordo.net\/index.php?rest_route=%2Fwp%2Fv2%2Fcategories&post=34696"},{"taxonomy":"post_tag","embeddable":true,"href":"https:\/\/diariodebordo.net\/index.php?rest_route=%2Fwp%2Fv2%2Ftags&post=34696"}],"curies":[{"name":"wp","href":"https:\/\/api.w.org\/{rel}","templated":true}]}}