{"id":34843,"date":"2026-04-27T14:58:29","date_gmt":"2026-04-27T17:58:29","guid":{"rendered":"https:\/\/diariodebordo.net\/?p=34843"},"modified":"2026-04-27T14:58:30","modified_gmt":"2026-04-27T17:58:30","slug":"primeira-exposicao-de-2026-na-casa-cdl-convida-voce-a-viver-historias-que-foram-guardadas-com-o-coracao","status":"publish","type":"post","link":"https:\/\/diariodebordo.net\/?p=34843","title":{"rendered":"Primeira exposi\u00e7\u00e3o de 2026 na Casa CDL convida voc\u00ea a viver hist\u00f3rias que foram guardadas com o cora\u00e7\u00e3o"},"content":{"rendered":"<div class=\"yiv4506983915elementToProof\">Mais do que uma exposi\u00e7\u00e3o, um encontro com mem\u00f3rias, afetos e identidades.<\/div>\n<div>\u00a0<\/div>\n<div class=\"yiv4506983915elementToProof\">\u201cA arte de colecionar: Mem\u00f3rias, Legado, Hist\u00f3ria, Identidade\u201d abre a programa\u00e7\u00e3o de 2026 na Casa CDL, em Novo Hamburgo, reunindo colecionadores que transformaram objetos em verdadeiros cap\u00edtulos de vida.<\/div>\n<div class=\"yiv4506983915elementToProof\">A mostra prop\u00f5e um olhar sens\u00edvel sobre o h\u00e1bito de colecionar, evidenciando sua rela\u00e7\u00e3o com experi\u00eancias, afetos e hist\u00f3rias de vida. Mais do que objetos, a exposi\u00e7\u00e3o apresenta narrativas constru\u00eddas ao longo do tempo.<\/div>\n<div class=\"yiv4506983915elementToProof\">A abertura acontece no dia 27 de abril, das 17h \u00e0s 20h, e a visita\u00e7\u00e3o segue at\u00e9 3 de maio \u2014 um convite para voc\u00ea olhar al\u00e9m do objeto\u2026 e enxergar as emo\u00e7\u00f5es, lembran\u00e7as e significados que ele guarda.<\/div>\n<div class=\"yiv4506983915elementToProof\">Sob a coordena\u00e7\u00e3o de Maria Helena Rodrigues, e com a presen\u00e7a das embaixadoras Denise Engel Richter, Patr\u00edcia Scossi, Carla Ara\u00fajo e Simone Fleck, essa mostra marca o in\u00edcio de um novo ciclo cultural \u2014 mais conectado com pessoas, hist\u00f3rias e legado.<\/div>\n<div class=\"yiv4506983915elementToProof\">\u00a0<\/div>\n<div class=\"yiv4506983915elementToProof\">E cada cole\u00e7\u00e3o tem nome, hist\u00f3ria e identidade:<\/div>\n<div class=\"yiv4506983915elementToProof\">\u00a0<\/div>\n<div class=\"yiv4506983915elementToProof\">* Dr. Ronaldo Brum \u2014 camisetas Futebol Mundo<\/div>\n<div class=\"yiv4506983915elementToProof\">* Adriano Nunes \u2014 facas<\/div>\n<div class=\"yiv4506983915elementToProof\">* Aline Floriani \u2014 \u00f3culos<\/div>\n<div class=\"yiv4506983915elementToProof\">* Maria Helena Rodrigues \u2014 m\u00e1scaras e miniaturas de viagens<\/div>\n<div class=\"yiv4506983915elementToProof\">* Karla Mombach \u2014 vinis autografados<\/div>\n<div class=\"yiv4506983915elementToProof\">* Paulo Coelho \u2014 moedas, Coca-Cola, c\u00e2meras fotogr\u00e1ficas, rel\u00f3gios de bolso, telefones antigos e geladeira Frigidaire<\/div>\n<div class=\"yiv4506983915elementToProof\">* Bernardo Guedes (maior colecionador brasileiro e mundial)\u2014 Kens<\/div>\n<div class=\"yiv4506983915elementToProof\">* Mara Dias \u2014 brinquedos anos 70\/80<\/div>\n<div class=\"yiv4506983915elementToProof\">* Bernardo Zagury Rodrigues \u2014 camisetas Futebol Gr\u00eamio<\/div>\n<div class=\"yiv4506983915elementToProof\">* Stephany Foscarini \u2014 Barbies<\/div>\n<div class=\"yiv4506983915elementToProof\">* Poli Lopes \u2014 pratos ornamentais<\/div>\n<div class=\"yiv4506983915elementToProof\">* Aline C\u00e2ndido Rocha \u2014 dedais<\/div>\n<div class=\"yiv4506983915elementToProof\">* M\u00e1rcia Schuch \u2014 cart\u00f5es de orelh\u00e3o e telefone<\/div>\n<div class=\"yiv4506983915elementToProof\">* Andressa Pulz \u2014 pap\u00e9is e cartas<\/div>\n<div class=\"yiv4506983915elementToProof\">\u00a0<\/div>\n<div class=\"yiv4506983915elementToProof\">N\u00e3o s\u00e3o apenas cole\u00e7\u00f5es.<\/div>\n<div class=\"yiv4506983915elementToProof\">S\u00e3o paix\u00f5es, mem\u00f3rias e peda\u00e7os de vida compartilhados.<\/div>\n<div class=\"yiv4506983915elementToProof\">\u00a0<\/div>\n<div class=\"yiv4506983915elementToProof\">Visita\u00e7\u00e3o: de 16h \u00e0s 18h<\/div>\n<div class=\"yiv4506983915elementToProof\">Local: Casa de Cultura CDL \u2013 Rua Domingos de Almeida, 708, Centro, Novo Hamburgo<\/div>\n<div class=\"yiv4506983915elementToProof\">\u00a0<\/div>\n<div class=\"yiv4506983915elementToProof\">Talvez voc\u00ea tamb\u00e9m colecione algo.<\/div>\n<div class=\"yiv4506983915elementToProof\">Ou talvez\u2026 s\u00f3 precise lembrar daquilo que um dia fez sentido pra voc\u00ea.<\/div>\n<div class=\"yiv4506983915elementToProof\">\u00a0<\/div>\n<div class=\"yiv4506983915elementToProof\">\n<p>Essa exposi\u00e7\u00e3o n\u00e3o \u00e9 s\u00f3 sobre objetos. \u00c9 sobre o que a gente escolhe guardar\u2026 e o que isso diz sobre quem a gente \u00e9.<\/p>\n<\/div>\n<div><img loading=\"lazy\" decoding=\"async\" class=\"alignnone size-medium wp-image-34965\" src=\"https:\/\/diariodebordo.net\/wp-content\/uploads\/2026\/04\/CARD1-FRENTE-240x300.jpeg\" alt=\"\" width=\"240\" height=\"300\" srcset=\"https:\/\/diariodebordo.net\/wp-content\/uploads\/2026\/04\/CARD1-FRENTE-240x300.jpeg 240w, https:\/\/diariodebordo.net\/wp-content\/uploads\/2026\/04\/CARD1-FRENTE-819x1024.jpeg 819w, https:\/\/diariodebordo.net\/wp-content\/uploads\/2026\/04\/CARD1-FRENTE-768x960.jpeg 768w, https:\/\/diariodebordo.net\/wp-content\/uploads\/2026\/04\/CARD1-FRENTE.jpeg 1080w\" sizes=\"auto, (max-width: 240px) 100vw, 240px\" \/><\/div>\n<div>Colunista Professora Fabi Fortes<\/div>\n\n\n<p><\/p>\n","protected":false},"excerpt":{"rendered":"<p>Mais do que uma exposi\u00e7\u00e3o, um encontro com mem\u00f3rias, afetos e identidades. \u00a0 \u201cA arte de colecionar: Mem\u00f3rias, Legado, Hist\u00f3ria, Identidade\u201d abre a programa\u00e7\u00e3o de 2026 na Casa CDL, em Novo Hamburgo, reunindo colecionadores que transformaram objetos em verdadeiros cap\u00edtulos de vida. A mostra prop\u00f5e um olhar sens\u00edvel sobre o h\u00e1bito de colecionar, evidenciando sua<\/p>\n","protected":false},"author":5,"featured_media":34965,"comment_status":"open","ping_status":"open","sticky":false,"template":"","format":"standard","meta":{"_eb_attr":"","inline_featured_image":false,"_joinchat":[],"footnotes":""},"categories":[89],"tags":[],"class_list":["post-34843","post","type-post","status-publish","format-standard","has-post-thumbnail","hentry","category-entretenimento"],"acf":[],"yoast_head":"<!-- This site is optimized with the Yoast SEO plugin v19.7.1 - https:\/\/yoast.com\/wordpress\/plugins\/seo\/ -->\n<title>Primeira exposi\u00e7\u00e3o de 2026 na Casa CDL convida voc\u00ea a viver hist\u00f3rias que foram guardadas com o cora\u00e7\u00e3o - Experi\u00eancias que conectam marcas, pessoas e momentos<\/title>\n<meta name=\"robots\" content=\"index, follow, max-snippet:-1, max-image-preview:large, max-video-preview:-1\" \/>\n<link rel=\"canonical\" href=\"https:\/\/diariodebordo.net\/?p=34843\" \/>\n<meta property=\"og:locale\" content=\"pt_BR\" \/>\n<meta property=\"og:type\" content=\"article\" \/>\n<meta property=\"og:title\" content=\"Primeira exposi\u00e7\u00e3o de 2026 na Casa CDL convida voc\u00ea a viver hist\u00f3rias que foram guardadas com o cora\u00e7\u00e3o - Experi\u00eancias que conectam marcas, pessoas e momentos\" \/>\n<meta property=\"og:description\" content=\"Mais do que uma exposi\u00e7\u00e3o, um encontro com mem\u00f3rias, afetos e identidades. \u00a0 \u201cA arte de colecionar: Mem\u00f3rias, Legado, Hist\u00f3ria, Identidade\u201d abre a programa\u00e7\u00e3o de 2026 na Casa CDL, em Novo Hamburgo, reunindo colecionadores que transformaram objetos em verdadeiros cap\u00edtulos de vida. A mostra prop\u00f5e um olhar sens\u00edvel sobre o h\u00e1bito de colecionar, evidenciando sua\" \/>\n<meta property=\"og:url\" content=\"https:\/\/diariodebordo.net\/?p=34843\" \/>\n<meta property=\"og:site_name\" content=\"Experi\u00eancias que conectam marcas, pessoas e momentos\" \/>\n<meta property=\"article:published_time\" content=\"2026-04-27T17:58:29+00:00\" \/>\n<meta property=\"article:modified_time\" content=\"2026-04-27T17:58:30+00:00\" \/>\n<meta property=\"og:image\" content=\"https:\/\/diariodebordo.net\/wp-content\/uploads\/2026\/04\/CARD1-FRENTE.jpeg\" \/>\n\t<meta property=\"og:image:width\" content=\"1080\" \/>\n\t<meta property=\"og:image:height\" content=\"1350\" \/>\n\t<meta property=\"og:image:type\" content=\"image\/jpeg\" \/>\n<meta name=\"author\" content=\"Fabi Fortes\" \/>\n<meta name=\"twitter:card\" content=\"summary_large_image\" \/>\n<meta name=\"twitter:label1\" content=\"Escrito por\" \/>\n\t<meta name=\"twitter:data1\" content=\"Fabi Fortes\" \/>\n\t<meta name=\"twitter:label2\" content=\"Est. tempo de leitura\" \/>\n\t<meta name=\"twitter:data2\" content=\"3 minutos\" \/>\n<script type=\"application\/ld+json\" class=\"yoast-schema-graph\">{\"@context\":\"https:\/\/schema.org\",\"@graph\":[{\"@type\":\"Article\",\"@id\":\"https:\/\/diariodebordo.net\/?p=34843#article\",\"isPartOf\":{\"@id\":\"https:\/\/diariodebordo.net\/?p=34843\"},\"author\":{\"name\":\"Fabi Fortes\",\"@id\":\"http:\/\/diariodebordo.net\/#\/schema\/person\/ca4aa5b8b8d89fd6dbd6e24d4220f23e\"},\"headline\":\"Primeira exposi\u00e7\u00e3o de 2026 na Casa CDL convida voc\u00ea a viver hist\u00f3rias que foram guardadas com o cora\u00e7\u00e3o\",\"datePublished\":\"2026-04-27T17:58:29+00:00\",\"dateModified\":\"2026-04-27T17:58:30+00:00\",\"mainEntityOfPage\":{\"@id\":\"https:\/\/diariodebordo.net\/?p=34843\"},\"wordCount\":377,\"commentCount\":0,\"publisher\":{\"@id\":\"http:\/\/diariodebordo.net\/#organization\"},\"articleSection\":[\"ENTRETENIMENTO\"],\"inLanguage\":\"pt-BR\",\"potentialAction\":[{\"@type\":\"CommentAction\",\"name\":\"Comment\",\"target\":[\"https:\/\/diariodebordo.net\/?p=34843#respond\"]}]},{\"@type\":\"WebPage\",\"@id\":\"https:\/\/diariodebordo.net\/?p=34843\",\"url\":\"https:\/\/diariodebordo.net\/?p=34843\",\"name\":\"Primeira exposi\u00e7\u00e3o de 2026 na Casa CDL convida voc\u00ea a viver hist\u00f3rias que foram guardadas com o cora\u00e7\u00e3o - Experi\u00eancias que conectam marcas, pessoas e momentos\",\"isPartOf\":{\"@id\":\"http:\/\/diariodebordo.net\/#website\"},\"datePublished\":\"2026-04-27T17:58:29+00:00\",\"dateModified\":\"2026-04-27T17:58:30+00:00\",\"breadcrumb\":{\"@id\":\"https:\/\/diariodebordo.net\/?p=34843#breadcrumb\"},\"inLanguage\":\"pt-BR\",\"potentialAction\":[{\"@type\":\"ReadAction\",\"target\":[\"https:\/\/diariodebordo.net\/?p=34843\"]}]},{\"@type\":\"BreadcrumbList\",\"@id\":\"https:\/\/diariodebordo.net\/?p=34843#breadcrumb\",\"itemListElement\":[{\"@type\":\"ListItem\",\"position\":1,\"name\":\"In\u00edcio\",\"item\":\"http:\/\/diariodebordo.net\/\"},{\"@type\":\"ListItem\",\"position\":2,\"name\":\"Primeira exposi\u00e7\u00e3o de 2026 na Casa CDL convida voc\u00ea a viver hist\u00f3rias que foram guardadas com o cora\u00e7\u00e3o\"}]},{\"@type\":\"WebSite\",\"@id\":\"http:\/\/diariodebordo.net\/#website\",\"url\":\"http:\/\/diariodebordo.net\/\",\"name\":\"Experi\u00eancias que conectam marcas, pessoas e momentos\",\"description\":\"M\u00eddia, eventos e conte\u00fado em uma plataforma que gera presen\u00e7a, relev\u00e2ncia e movimento.\",\"publisher\":{\"@id\":\"http:\/\/diariodebordo.net\/#organization\"},\"potentialAction\":[{\"@type\":\"SearchAction\",\"target\":{\"@type\":\"EntryPoint\",\"urlTemplate\":\"http:\/\/diariodebordo.net\/?s={search_term_string}\"},\"query-input\":\"required name=search_term_string\"}],\"inLanguage\":\"pt-BR\"},{\"@type\":\"Organization\",\"@id\":\"http:\/\/diariodebordo.net\/#organization\",\"name\":\"Experi\u00eancias que conectam marcas, pessoas e momentos\",\"url\":\"http:\/\/diariodebordo.net\/\",\"sameAs\":[],\"logo\":{\"@type\":\"ImageObject\",\"inLanguage\":\"pt-BR\",\"@id\":\"http:\/\/diariodebordo.net\/#\/schema\/logo\/image\/\",\"url\":\"https:\/\/diariodebordo.net\/wp-content\/uploads\/2026\/04\/cropped-cropped-20260419_052322_0001-2.png\",\"contentUrl\":\"https:\/\/diariodebordo.net\/wp-content\/uploads\/2026\/04\/cropped-cropped-20260419_052322_0001-2.png\",\"width\":512,\"height\":214,\"caption\":\"Experi\u00eancias que conectam marcas, pessoas e momentos \"},\"image\":{\"@id\":\"http:\/\/diariodebordo.net\/#\/schema\/logo\/image\/\"}},{\"@type\":\"Person\",\"@id\":\"http:\/\/diariodebordo.net\/#\/schema\/person\/ca4aa5b8b8d89fd6dbd6e24d4220f23e\",\"name\":\"Fabi Fortes\",\"image\":{\"@type\":\"ImageObject\",\"inLanguage\":\"pt-BR\",\"@id\":\"http:\/\/diariodebordo.net\/#\/schema\/person\/image\/\",\"url\":\"https:\/\/diariodebordo.net\/wp-content\/uploads\/2022\/09\/image5-96x96.jpg\",\"contentUrl\":\"https:\/\/diariodebordo.net\/wp-content\/uploads\/2022\/09\/image5-96x96.jpg\",\"caption\":\"Fabi Fortes\"},\"sameAs\":[\"https:\/\/www.instagram.com\/fabis.fortes\/\"],\"url\":\"https:\/\/diariodebordo.net\/?author=5\"}]}<\/script>\n<!-- \/ Yoast SEO plugin. -->","yoast_head_json":{"title":"Primeira exposi\u00e7\u00e3o de 2026 na Casa CDL convida voc\u00ea a viver hist\u00f3rias que foram guardadas com o cora\u00e7\u00e3o - Experi\u00eancias que conectam marcas, pessoas e momentos","robots":{"index":"index","follow":"follow","max-snippet":"max-snippet:-1","max-image-preview":"max-image-preview:large","max-video-preview":"max-video-preview:-1"},"canonical":"https:\/\/diariodebordo.net\/?p=34843","og_locale":"pt_BR","og_type":"article","og_title":"Primeira exposi\u00e7\u00e3o de 2026 na Casa CDL convida voc\u00ea a viver hist\u00f3rias que foram guardadas com o cora\u00e7\u00e3o - Experi\u00eancias que conectam marcas, pessoas e momentos","og_description":"Mais do que uma exposi\u00e7\u00e3o, um encontro com mem\u00f3rias, afetos e identidades. \u00a0 \u201cA arte de colecionar: Mem\u00f3rias, Legado, Hist\u00f3ria, Identidade\u201d abre a programa\u00e7\u00e3o de 2026 na Casa CDL, em Novo Hamburgo, reunindo colecionadores que transformaram objetos em verdadeiros cap\u00edtulos de vida. A mostra prop\u00f5e um olhar sens\u00edvel sobre o h\u00e1bito de colecionar, evidenciando sua","og_url":"https:\/\/diariodebordo.net\/?p=34843","og_site_name":"Experi\u00eancias que conectam marcas, pessoas e momentos","article_published_time":"2026-04-27T17:58:29+00:00","article_modified_time":"2026-04-27T17:58:30+00:00","og_image":[{"width":1080,"height":1350,"url":"https:\/\/diariodebordo.net\/wp-content\/uploads\/2026\/04\/CARD1-FRENTE.jpeg","type":"image\/jpeg"}],"author":"Fabi Fortes","twitter_card":"summary_large_image","twitter_misc":{"Escrito por":"Fabi Fortes","Est. tempo de leitura":"3 minutos"},"schema":{"@context":"https:\/\/schema.org","@graph":[{"@type":"Article","@id":"https:\/\/diariodebordo.net\/?p=34843#article","isPartOf":{"@id":"https:\/\/diariodebordo.net\/?p=34843"},"author":{"name":"Fabi Fortes","@id":"http:\/\/diariodebordo.net\/#\/schema\/person\/ca4aa5b8b8d89fd6dbd6e24d4220f23e"},"headline":"Primeira exposi\u00e7\u00e3o de 2026 na Casa CDL convida voc\u00ea a viver hist\u00f3rias que foram guardadas com o cora\u00e7\u00e3o","datePublished":"2026-04-27T17:58:29+00:00","dateModified":"2026-04-27T17:58:30+00:00","mainEntityOfPage":{"@id":"https:\/\/diariodebordo.net\/?p=34843"},"wordCount":377,"commentCount":0,"publisher":{"@id":"http:\/\/diariodebordo.net\/#organization"},"articleSection":["ENTRETENIMENTO"],"inLanguage":"pt-BR","potentialAction":[{"@type":"CommentAction","name":"Comment","target":["https:\/\/diariodebordo.net\/?p=34843#respond"]}]},{"@type":"WebPage","@id":"https:\/\/diariodebordo.net\/?p=34843","url":"https:\/\/diariodebordo.net\/?p=34843","name":"Primeira exposi\u00e7\u00e3o de 2026 na Casa CDL convida voc\u00ea a viver hist\u00f3rias que foram guardadas com o cora\u00e7\u00e3o - Experi\u00eancias que conectam marcas, pessoas e momentos","isPartOf":{"@id":"http:\/\/diariodebordo.net\/#website"},"datePublished":"2026-04-27T17:58:29+00:00","dateModified":"2026-04-27T17:58:30+00:00","breadcrumb":{"@id":"https:\/\/diariodebordo.net\/?p=34843#breadcrumb"},"inLanguage":"pt-BR","potentialAction":[{"@type":"ReadAction","target":["https:\/\/diariodebordo.net\/?p=34843"]}]},{"@type":"BreadcrumbList","@id":"https:\/\/diariodebordo.net\/?p=34843#breadcrumb","itemListElement":[{"@type":"ListItem","position":1,"name":"In\u00edcio","item":"http:\/\/diariodebordo.net\/"},{"@type":"ListItem","position":2,"name":"Primeira exposi\u00e7\u00e3o de 2026 na Casa CDL convida voc\u00ea a viver hist\u00f3rias que foram guardadas com o cora\u00e7\u00e3o"}]},{"@type":"WebSite","@id":"http:\/\/diariodebordo.net\/#website","url":"http:\/\/diariodebordo.net\/","name":"Experi\u00eancias que conectam marcas, pessoas e momentos","description":"M\u00eddia, eventos e conte\u00fado em uma plataforma que gera presen\u00e7a, relev\u00e2ncia e movimento.","publisher":{"@id":"http:\/\/diariodebordo.net\/#organization"},"potentialAction":[{"@type":"SearchAction","target":{"@type":"EntryPoint","urlTemplate":"http:\/\/diariodebordo.net\/?s={search_term_string}"},"query-input":"required name=search_term_string"}],"inLanguage":"pt-BR"},{"@type":"Organization","@id":"http:\/\/diariodebordo.net\/#organization","name":"Experi\u00eancias que conectam marcas, pessoas e momentos","url":"http:\/\/diariodebordo.net\/","sameAs":[],"logo":{"@type":"ImageObject","inLanguage":"pt-BR","@id":"http:\/\/diariodebordo.net\/#\/schema\/logo\/image\/","url":"https:\/\/diariodebordo.net\/wp-content\/uploads\/2026\/04\/cropped-cropped-20260419_052322_0001-2.png","contentUrl":"https:\/\/diariodebordo.net\/wp-content\/uploads\/2026\/04\/cropped-cropped-20260419_052322_0001-2.png","width":512,"height":214,"caption":"Experi\u00eancias que conectam marcas, pessoas e momentos "},"image":{"@id":"http:\/\/diariodebordo.net\/#\/schema\/logo\/image\/"}},{"@type":"Person","@id":"http:\/\/diariodebordo.net\/#\/schema\/person\/ca4aa5b8b8d89fd6dbd6e24d4220f23e","name":"Fabi Fortes","image":{"@type":"ImageObject","inLanguage":"pt-BR","@id":"http:\/\/diariodebordo.net\/#\/schema\/person\/image\/","url":"https:\/\/diariodebordo.net\/wp-content\/uploads\/2022\/09\/image5-96x96.jpg","contentUrl":"https:\/\/diariodebordo.net\/wp-content\/uploads\/2022\/09\/image5-96x96.jpg","caption":"Fabi Fortes"},"sameAs":["https:\/\/www.instagram.com\/fabis.fortes\/"],"url":"https:\/\/diariodebordo.net\/?author=5"}]}},"_links":{"self":[{"href":"https:\/\/diariodebordo.net\/index.php?rest_route=\/wp\/v2\/posts\/34843","targetHints":{"allow":["GET"]}}],"collection":[{"href":"https:\/\/diariodebordo.net\/index.php?rest_route=\/wp\/v2\/posts"}],"about":[{"href":"https:\/\/diariodebordo.net\/index.php?rest_route=\/wp\/v2\/types\/post"}],"author":[{"embeddable":true,"href":"https:\/\/diariodebordo.net\/index.php?rest_route=\/wp\/v2\/users\/5"}],"replies":[{"embeddable":true,"href":"https:\/\/diariodebordo.net\/index.php?rest_route=%2Fwp%2Fv2%2Fcomments&post=34843"}],"version-history":[{"count":6,"href":"https:\/\/diariodebordo.net\/index.php?rest_route=\/wp\/v2\/posts\/34843\/revisions"}],"predecessor-version":[{"id":34967,"href":"https:\/\/diariodebordo.net\/index.php?rest_route=\/wp\/v2\/posts\/34843\/revisions\/34967"}],"wp:featuredmedia":[{"embeddable":true,"href":"https:\/\/diariodebordo.net\/index.php?rest_route=\/wp\/v2\/media\/34965"}],"wp:attachment":[{"href":"https:\/\/diariodebordo.net\/index.php?rest_route=%2Fwp%2Fv2%2Fmedia&parent=34843"}],"wp:term":[{"taxonomy":"category","embeddable":true,"href":"https:\/\/diariodebordo.net\/index.php?rest_route=%2Fwp%2Fv2%2Fcategories&post=34843"},{"taxonomy":"post_tag","embeddable":true,"href":"https:\/\/diariodebordo.net\/index.php?rest_route=%2Fwp%2Fv2%2Ftags&post=34843"}],"curies":[{"name":"wp","href":"https:\/\/api.w.org\/{rel}","templated":true}]}}