{"id":34934,"date":"2026-04-25T04:26:59","date_gmt":"2026-04-25T07:26:59","guid":{"rendered":"https:\/\/www.diariodebordo.net\/?p=34934"},"modified":"2026-04-25T04:26:59","modified_gmt":"2026-04-25T07:26:59","slug":"mostra-black-home-sul-projeta-investimento-de-r-8-milhoes-em-edicao-em-porto-alegre","status":"publish","type":"post","link":"https:\/\/diariodebordo.net\/?p=34934","title":{"rendered":"Mostra Black Home Sul projeta investimento de R$ 8 milh\u00f5es em edi\u00e7\u00e3o em Porto Alegre"},"content":{"rendered":"<p><i>Open House abre calend\u00e1rio para arquitetos em im\u00f3vel que ser\u00e1 sede da Mostra Black 2026<\/i><\/p>\n<div>\n<p>A Mostra Black Home Sul inicia oficialmente os preparativos para sua 3\u00aa edi\u00e7\u00e3o\u00a0<strong>com a\u00a0<\/strong><strong>realiza\u00e7\u00e3o de um Open House no dia 28 de abril.<\/strong>\u00a0O evento marca a abertura do im\u00f3vel escolhido nos altos do bairro Bela Vista para os arquitetos e designers de interiores interessados em assinar os ambientes da edi\u00e7\u00e3o ga\u00facha. Na ocasi\u00e3o, os profissionais avaliam as possibilidades estruturais da resid\u00eancia e definem as \u00e1reas que receber\u00e3o as interven\u00e7\u00f5es arquitet\u00f4nicas sob o crivo de uma curadoria t\u00e9cnica e conceitual.<\/p>\n<p><strong>Infraestrutura e proje\u00e7\u00e3o de investimento<\/strong><\/p>\n<p>A escolha do im\u00f3vel, uma das raras resid\u00eancias originais remanescentes dos anos 70, foi pautada por atributos t\u00e9cnicos espec\u00edficos: localiza\u00e7\u00e3o privilegiada, planta plana que garante acessibilidade total, al\u00e9m da amplitude dos ambientes internos e das \u00e1reas externas voltadas ao paisagismo. Com\u00a0<strong>1.150 m\u00b2 de \u00e1rea constru\u00edda<\/strong>, a casa ser\u00e1 segmentada em\u00a0<strong>25 ambientes<\/strong>, variando entre\u00a0<strong>20 m\u00b2 e 220 m\u00b2.<\/strong><\/p>\n<p>&nbsp;<\/p>\n<p><center><strong><img loading=\"lazy\" decoding=\"async\" src=\"https:\/\/ci3.googleusercontent.com\/meips\/ADKq_NbCn2wwt8FRAQM-Kz1QfQswvICCbpmyb9Rtr6Gb8zH6AqxJv0Uo-Xz8k4AlPI9NtN65Od9EeTpYZZqBwHgRwD0UXfwbt7PVB1SNdtU13C4RwbFHmFQe63BPrpp4HvmWIcmYUDLtSJVQiG1LNSEL-HK2bm0DBhXj3OFPSFGaNsEUIVV8L_oa7pNfKUqlilD-YvjfyYzzoYa10VTzr3FA=s0-d-e1-ft#https:\/\/files.pressmanager.net\/clientes\/e680c7be029bdeabc5120216051a8c86\/imagens\/2026\/04\/24\/19182384f646ed7b402483a0d221a5a4_medium.jpg\" alt=\"\" width=\"300\" height=\"128\" data-max-width=\"\" data-width=\"\" data-height=\"\" \/><\/strong><\/center><em>Casa que abrigar\u00e1 a 3\u00aa edi\u00e7\u00e3o da Mostra Black Home Sul<\/em><\/p>\n<p>&nbsp;<\/p>\n<p>Para a viabiliza\u00e7\u00e3o do circuito, estima-se um aporte financeiro total de\u00a0<strong>R$8 milh\u00f5es<\/strong>, entre infraestrutura e execu\u00e7\u00e3o. Para participar, cada arquiteto adquire uma cota de participa\u00e7\u00e3o correspondente ao ambiente escolhido, garantindo a autonomia para projetar e assinar a ambienta\u00e7\u00e3o do espa\u00e7o sob o crivo de uma curadoria t\u00e9cnica e conceitual que acompanhar\u00e1 todas as etapas do projeto.<\/p>\n<p><strong>A Mostra Black<\/strong><\/p>\n<p>A edi\u00e7\u00e3o de Porto Alegre adota o conceito\u00a0<strong>Experience<\/strong>, distanciando-se de uma exibi\u00e7\u00e3o puramente contemplativa. A diretriz curatorial orienta os escrit\u00f3rios a utilizarem a estrutura da casa para criar ambientes que priorizem o bem-estar e o conforto sensorial. Segundo o idealizador da mostra, o CEO Fernando Rodrigues, \u201cos visitantes buscam uma experi\u00eancia que combine inspira\u00e7\u00e3o, tecnologia, bem-estar, sustentabilidade e principalmente um desejo crescente por ambientes que reflitam a vida real, com alma e hist\u00f3ria\u201d, explica.<\/p>\n<p>O objetivo \u00e9 traduzir a complexidade do morar contempor\u00e2neo atrav\u00e9s de solu\u00e7\u00f5es de acolhimento e alta tecnologia, oferecendo uma imers\u00e3o nas novas tend\u00eancias de comportamento e moradia de alto padr\u00e3o. A visita\u00e7\u00e3o ocorrer\u00e1 entre\u00a0<strong>27 de agosto e 25 de outubro<\/strong>, per\u00edodo em que se projeta um fluxo de\u00a0<strong>10 mil visitantes<\/strong>. O encerramento da mostra conclui o ciclo de ocupa\u00e7\u00e3o do im\u00f3vel atual; ap\u00f3s o evento, a \u00e1rea ser\u00e1 destinada \u00e0 constru\u00e7\u00e3o de um novoempreendimento residencial de alto padr\u00e3o, consolidando a renova\u00e7\u00e3o urban\u00edstica caracter\u00edstica do bairro Bela Vista, processo intensificado na regi\u00e3o desde a atualiza\u00e7\u00e3o da lei de verticaliza\u00e7\u00e3o em 1999.<\/p>\n<p>&nbsp;<\/p>\n<hr \/>\n<p><strong>SERVI\u00c7O | OPEN HOUSE MOSTRA BLACK SUL<\/strong><\/p>\n<p><strong>Data:<\/strong>\u00a028 de abril de 2026<\/p>\n<p><strong>Hor\u00e1rio:<\/strong>\u00a0das 14h \u00e0s 18h<\/p>\n<p><strong>Localiza\u00e7\u00e3o:<\/strong>\u00a0<a href=\"https:\/\/www.google.com\/maps\/search\/R.+Farnese,+78+-+Porto+Alegre%2FRS?entry=gmail&amp;source=g\">R. Farnese, 78 &#8211; Porto Alegre\/RS<\/a><\/p>\n<p>@mostrablackhomesul<\/p>\n<\/div>\n","protected":false},"excerpt":{"rendered":"<p>Open House abre calend\u00e1rio para arquitetos em im\u00f3vel que ser\u00e1 sede da Mostra Black 2026 A Mostra Black Home Sul inicia oficialmente os preparativos para sua 3\u00aa edi\u00e7\u00e3o\u00a0com a\u00a0realiza\u00e7\u00e3o de um Open House no dia 28 de abril.\u00a0O evento marca a abertura do im\u00f3vel escolhido nos altos do bairro Bela Vista para os arquitetos e<\/p>\n","protected":false},"author":13,"featured_media":34935,"comment_status":"open","ping_status":"open","sticky":true,"template":"","format":"standard","meta":{"_eb_attr":"","inline_featured_image":false,"_joinchat":[],"footnotes":""},"categories":[68,63,1,88,119,66],"tags":[],"class_list":["post-34934","post","type-post","status-publish","format-standard","has-post-thumbnail","hentry","category-cultura","category-destaques","category-dia-a-dia","category-empresarial","category-eventos","category-lancamentos"],"acf":[],"yoast_head":"<!-- This site is optimized with the Yoast SEO plugin v19.7.1 - https:\/\/yoast.com\/wordpress\/plugins\/seo\/ -->\n<title>Mostra Black Home Sul projeta investimento de R$ 8 milh\u00f5es em edi\u00e7\u00e3o em Porto Alegre - Experi\u00eancias que conectam marcas, pessoas e momentos<\/title>\n<meta name=\"robots\" content=\"index, follow, max-snippet:-1, max-image-preview:large, max-video-preview:-1\" \/>\n<link rel=\"canonical\" href=\"https:\/\/diariodebordo.net\/?p=34934\" \/>\n<meta property=\"og:locale\" content=\"pt_BR\" \/>\n<meta property=\"og:type\" content=\"article\" \/>\n<meta property=\"og:title\" content=\"Mostra Black Home Sul projeta investimento de R$ 8 milh\u00f5es em edi\u00e7\u00e3o em Porto Alegre - Experi\u00eancias que conectam marcas, pessoas e momentos\" \/>\n<meta property=\"og:description\" content=\"Open House abre calend\u00e1rio para arquitetos em im\u00f3vel que ser\u00e1 sede da Mostra Black 2026 A Mostra Black Home Sul inicia oficialmente os preparativos para sua 3\u00aa edi\u00e7\u00e3o\u00a0com a\u00a0realiza\u00e7\u00e3o de um Open House no dia 28 de abril.\u00a0O evento marca a abertura do im\u00f3vel escolhido nos altos do bairro Bela Vista para os arquitetos e\" \/>\n<meta property=\"og:url\" content=\"https:\/\/diariodebordo.net\/?p=34934\" \/>\n<meta property=\"og:site_name\" content=\"Experi\u00eancias que conectam marcas, pessoas e momentos\" \/>\n<meta property=\"article:published_time\" content=\"2026-04-25T07:26:59+00:00\" \/>\n<meta property=\"og:image\" content=\"https:\/\/diariodebordo.net\/wp-content\/uploads\/2026\/04\/Fernando-Rodrigues-Mostra-Black-Home-Sul-Creditos-Lenara-Petenuzzo-2026-7381-scaled.jpg\" \/>\n\t<meta property=\"og:image:width\" content=\"2560\" \/>\n\t<meta property=\"og:image:height\" content=\"1707\" \/>\n\t<meta property=\"og:image:type\" content=\"image\/jpeg\" \/>\n<meta name=\"author\" content=\"Thiago Soares\" \/>\n<meta name=\"twitter:card\" content=\"summary_large_image\" \/>\n<meta name=\"twitter:label1\" content=\"Escrito por\" \/>\n\t<meta name=\"twitter:data1\" content=\"Thiago Soares\" \/>\n\t<meta name=\"twitter:label2\" content=\"Est. tempo de leitura\" \/>\n\t<meta name=\"twitter:data2\" content=\"3 minutos\" \/>\n<script type=\"application\/ld+json\" class=\"yoast-schema-graph\">{\"@context\":\"https:\/\/schema.org\",\"@graph\":[{\"@type\":\"Article\",\"@id\":\"https:\/\/diariodebordo.net\/?p=34934#article\",\"isPartOf\":{\"@id\":\"https:\/\/diariodebordo.net\/?p=34934\"},\"author\":{\"name\":\"Thiago Soares\",\"@id\":\"http:\/\/diariodebordo.net\/#\/schema\/person\/2983b623551b91c75a103029fb634a78\"},\"headline\":\"Mostra Black Home Sul projeta investimento de R$ 8 milh\u00f5es em edi\u00e7\u00e3o em Porto Alegre\",\"datePublished\":\"2026-04-25T07:26:59+00:00\",\"dateModified\":\"2026-04-25T07:26:59+00:00\",\"mainEntityOfPage\":{\"@id\":\"https:\/\/diariodebordo.net\/?p=34934\"},\"wordCount\":494,\"commentCount\":0,\"publisher\":{\"@id\":\"http:\/\/diariodebordo.net\/#organization\"},\"articleSection\":[\"Cultura\",\"DESTAQUES\",\"Dia-a-Dia\",\"EMPRESARIAL\",\"EVENTOS\",\"LAN\u00c7AMENTOS\"],\"inLanguage\":\"pt-BR\",\"potentialAction\":[{\"@type\":\"CommentAction\",\"name\":\"Comment\",\"target\":[\"https:\/\/diariodebordo.net\/?p=34934#respond\"]}]},{\"@type\":\"WebPage\",\"@id\":\"https:\/\/diariodebordo.net\/?p=34934\",\"url\":\"https:\/\/diariodebordo.net\/?p=34934\",\"name\":\"Mostra Black Home Sul projeta investimento de R$ 8 milh\u00f5es em edi\u00e7\u00e3o em Porto Alegre - Experi\u00eancias que conectam marcas, pessoas e momentos\",\"isPartOf\":{\"@id\":\"http:\/\/diariodebordo.net\/#website\"},\"datePublished\":\"2026-04-25T07:26:59+00:00\",\"dateModified\":\"2026-04-25T07:26:59+00:00\",\"breadcrumb\":{\"@id\":\"https:\/\/diariodebordo.net\/?p=34934#breadcrumb\"},\"inLanguage\":\"pt-BR\",\"potentialAction\":[{\"@type\":\"ReadAction\",\"target\":[\"https:\/\/diariodebordo.net\/?p=34934\"]}]},{\"@type\":\"BreadcrumbList\",\"@id\":\"https:\/\/diariodebordo.net\/?p=34934#breadcrumb\",\"itemListElement\":[{\"@type\":\"ListItem\",\"position\":1,\"name\":\"In\u00edcio\",\"item\":\"http:\/\/diariodebordo.net\/\"},{\"@type\":\"ListItem\",\"position\":2,\"name\":\"Mostra Black Home Sul projeta investimento de R$ 8 milh\u00f5es em edi\u00e7\u00e3o em Porto Alegre\"}]},{\"@type\":\"WebSite\",\"@id\":\"http:\/\/diariodebordo.net\/#website\",\"url\":\"http:\/\/diariodebordo.net\/\",\"name\":\"Experi\u00eancias que conectam marcas, pessoas e momentos\",\"description\":\"M\u00eddia, eventos e conte\u00fado em uma plataforma que gera presen\u00e7a, relev\u00e2ncia e movimento.\",\"publisher\":{\"@id\":\"http:\/\/diariodebordo.net\/#organization\"},\"potentialAction\":[{\"@type\":\"SearchAction\",\"target\":{\"@type\":\"EntryPoint\",\"urlTemplate\":\"http:\/\/diariodebordo.net\/?s={search_term_string}\"},\"query-input\":\"required name=search_term_string\"}],\"inLanguage\":\"pt-BR\"},{\"@type\":\"Organization\",\"@id\":\"http:\/\/diariodebordo.net\/#organization\",\"name\":\"Experi\u00eancias que conectam marcas, pessoas e momentos\",\"url\":\"http:\/\/diariodebordo.net\/\",\"sameAs\":[],\"logo\":{\"@type\":\"ImageObject\",\"inLanguage\":\"pt-BR\",\"@id\":\"http:\/\/diariodebordo.net\/#\/schema\/logo\/image\/\",\"url\":\"https:\/\/diariodebordo.net\/wp-content\/uploads\/2026\/04\/cropped-cropped-20260419_052322_0001-2.png\",\"contentUrl\":\"https:\/\/diariodebordo.net\/wp-content\/uploads\/2026\/04\/cropped-cropped-20260419_052322_0001-2.png\",\"width\":512,\"height\":214,\"caption\":\"Experi\u00eancias que conectam marcas, pessoas e momentos \"},\"image\":{\"@id\":\"http:\/\/diariodebordo.net\/#\/schema\/logo\/image\/\"}},{\"@type\":\"Person\",\"@id\":\"http:\/\/diariodebordo.net\/#\/schema\/person\/2983b623551b91c75a103029fb634a78\",\"name\":\"Thiago Soares\",\"image\":{\"@type\":\"ImageObject\",\"inLanguage\":\"pt-BR\",\"@id\":\"http:\/\/diariodebordo.net\/#\/schema\/person\/image\/\",\"url\":\"https:\/\/diariodebordo.net\/wp-content\/uploads\/2022\/09\/cropped-image9-96x96.jpg\",\"contentUrl\":\"https:\/\/diariodebordo.net\/wp-content\/uploads\/2022\/09\/cropped-image9-96x96.jpg\",\"caption\":\"Thiago Soares\"},\"url\":\"https:\/\/diariodebordo.net\/?author=13\"}]}<\/script>\n<!-- \/ Yoast SEO plugin. -->","yoast_head_json":{"title":"Mostra Black Home Sul projeta investimento de R$ 8 milh\u00f5es em edi\u00e7\u00e3o em Porto Alegre - Experi\u00eancias que conectam marcas, pessoas e momentos","robots":{"index":"index","follow":"follow","max-snippet":"max-snippet:-1","max-image-preview":"max-image-preview:large","max-video-preview":"max-video-preview:-1"},"canonical":"https:\/\/diariodebordo.net\/?p=34934","og_locale":"pt_BR","og_type":"article","og_title":"Mostra Black Home Sul projeta investimento de R$ 8 milh\u00f5es em edi\u00e7\u00e3o em Porto Alegre - Experi\u00eancias que conectam marcas, pessoas e momentos","og_description":"Open House abre calend\u00e1rio para arquitetos em im\u00f3vel que ser\u00e1 sede da Mostra Black 2026 A Mostra Black Home Sul inicia oficialmente os preparativos para sua 3\u00aa edi\u00e7\u00e3o\u00a0com a\u00a0realiza\u00e7\u00e3o de um Open House no dia 28 de abril.\u00a0O evento marca a abertura do im\u00f3vel escolhido nos altos do bairro Bela Vista para os arquitetos e","og_url":"https:\/\/diariodebordo.net\/?p=34934","og_site_name":"Experi\u00eancias que conectam marcas, pessoas e momentos","article_published_time":"2026-04-25T07:26:59+00:00","og_image":[{"width":2560,"height":1707,"url":"https:\/\/diariodebordo.net\/wp-content\/uploads\/2026\/04\/Fernando-Rodrigues-Mostra-Black-Home-Sul-Creditos-Lenara-Petenuzzo-2026-7381-scaled.jpg","type":"image\/jpeg"}],"author":"Thiago Soares","twitter_card":"summary_large_image","twitter_misc":{"Escrito por":"Thiago Soares","Est. tempo de leitura":"3 minutos"},"schema":{"@context":"https:\/\/schema.org","@graph":[{"@type":"Article","@id":"https:\/\/diariodebordo.net\/?p=34934#article","isPartOf":{"@id":"https:\/\/diariodebordo.net\/?p=34934"},"author":{"name":"Thiago Soares","@id":"http:\/\/diariodebordo.net\/#\/schema\/person\/2983b623551b91c75a103029fb634a78"},"headline":"Mostra Black Home Sul projeta investimento de R$ 8 milh\u00f5es em edi\u00e7\u00e3o em Porto Alegre","datePublished":"2026-04-25T07:26:59+00:00","dateModified":"2026-04-25T07:26:59+00:00","mainEntityOfPage":{"@id":"https:\/\/diariodebordo.net\/?p=34934"},"wordCount":494,"commentCount":0,"publisher":{"@id":"http:\/\/diariodebordo.net\/#organization"},"articleSection":["Cultura","DESTAQUES","Dia-a-Dia","EMPRESARIAL","EVENTOS","LAN\u00c7AMENTOS"],"inLanguage":"pt-BR","potentialAction":[{"@type":"CommentAction","name":"Comment","target":["https:\/\/diariodebordo.net\/?p=34934#respond"]}]},{"@type":"WebPage","@id":"https:\/\/diariodebordo.net\/?p=34934","url":"https:\/\/diariodebordo.net\/?p=34934","name":"Mostra Black Home Sul projeta investimento de R$ 8 milh\u00f5es em edi\u00e7\u00e3o em Porto Alegre - Experi\u00eancias que conectam marcas, pessoas e momentos","isPartOf":{"@id":"http:\/\/diariodebordo.net\/#website"},"datePublished":"2026-04-25T07:26:59+00:00","dateModified":"2026-04-25T07:26:59+00:00","breadcrumb":{"@id":"https:\/\/diariodebordo.net\/?p=34934#breadcrumb"},"inLanguage":"pt-BR","potentialAction":[{"@type":"ReadAction","target":["https:\/\/diariodebordo.net\/?p=34934"]}]},{"@type":"BreadcrumbList","@id":"https:\/\/diariodebordo.net\/?p=34934#breadcrumb","itemListElement":[{"@type":"ListItem","position":1,"name":"In\u00edcio","item":"http:\/\/diariodebordo.net\/"},{"@type":"ListItem","position":2,"name":"Mostra Black Home Sul projeta investimento de R$ 8 milh\u00f5es em edi\u00e7\u00e3o em Porto Alegre"}]},{"@type":"WebSite","@id":"http:\/\/diariodebordo.net\/#website","url":"http:\/\/diariodebordo.net\/","name":"Experi\u00eancias que conectam marcas, pessoas e momentos","description":"M\u00eddia, eventos e conte\u00fado em uma plataforma que gera presen\u00e7a, relev\u00e2ncia e movimento.","publisher":{"@id":"http:\/\/diariodebordo.net\/#organization"},"potentialAction":[{"@type":"SearchAction","target":{"@type":"EntryPoint","urlTemplate":"http:\/\/diariodebordo.net\/?s={search_term_string}"},"query-input":"required name=search_term_string"}],"inLanguage":"pt-BR"},{"@type":"Organization","@id":"http:\/\/diariodebordo.net\/#organization","name":"Experi\u00eancias que conectam marcas, pessoas e momentos","url":"http:\/\/diariodebordo.net\/","sameAs":[],"logo":{"@type":"ImageObject","inLanguage":"pt-BR","@id":"http:\/\/diariodebordo.net\/#\/schema\/logo\/image\/","url":"https:\/\/diariodebordo.net\/wp-content\/uploads\/2026\/04\/cropped-cropped-20260419_052322_0001-2.png","contentUrl":"https:\/\/diariodebordo.net\/wp-content\/uploads\/2026\/04\/cropped-cropped-20260419_052322_0001-2.png","width":512,"height":214,"caption":"Experi\u00eancias que conectam marcas, pessoas e momentos "},"image":{"@id":"http:\/\/diariodebordo.net\/#\/schema\/logo\/image\/"}},{"@type":"Person","@id":"http:\/\/diariodebordo.net\/#\/schema\/person\/2983b623551b91c75a103029fb634a78","name":"Thiago Soares","image":{"@type":"ImageObject","inLanguage":"pt-BR","@id":"http:\/\/diariodebordo.net\/#\/schema\/person\/image\/","url":"https:\/\/diariodebordo.net\/wp-content\/uploads\/2022\/09\/cropped-image9-96x96.jpg","contentUrl":"https:\/\/diariodebordo.net\/wp-content\/uploads\/2022\/09\/cropped-image9-96x96.jpg","caption":"Thiago Soares"},"url":"https:\/\/diariodebordo.net\/?author=13"}]}},"_links":{"self":[{"href":"https:\/\/diariodebordo.net\/index.php?rest_route=\/wp\/v2\/posts\/34934","targetHints":{"allow":["GET"]}}],"collection":[{"href":"https:\/\/diariodebordo.net\/index.php?rest_route=\/wp\/v2\/posts"}],"about":[{"href":"https:\/\/diariodebordo.net\/index.php?rest_route=\/wp\/v2\/types\/post"}],"author":[{"embeddable":true,"href":"https:\/\/diariodebordo.net\/index.php?rest_route=\/wp\/v2\/users\/13"}],"replies":[{"embeddable":true,"href":"https:\/\/diariodebordo.net\/index.php?rest_route=%2Fwp%2Fv2%2Fcomments&post=34934"}],"version-history":[{"count":1,"href":"https:\/\/diariodebordo.net\/index.php?rest_route=\/wp\/v2\/posts\/34934\/revisions"}],"predecessor-version":[{"id":34939,"href":"https:\/\/diariodebordo.net\/index.php?rest_route=\/wp\/v2\/posts\/34934\/revisions\/34939"}],"wp:featuredmedia":[{"embeddable":true,"href":"https:\/\/diariodebordo.net\/index.php?rest_route=\/wp\/v2\/media\/34935"}],"wp:attachment":[{"href":"https:\/\/diariodebordo.net\/index.php?rest_route=%2Fwp%2Fv2%2Fmedia&parent=34934"}],"wp:term":[{"taxonomy":"category","embeddable":true,"href":"https:\/\/diariodebordo.net\/index.php?rest_route=%2Fwp%2Fv2%2Fcategories&post=34934"},{"taxonomy":"post_tag","embeddable":true,"href":"https:\/\/diariodebordo.net\/index.php?rest_route=%2Fwp%2Fv2%2Ftags&post=34934"}],"curies":[{"name":"wp","href":"https:\/\/api.w.org\/{rel}","templated":true}]}}