{"id":34936,"date":"2026-04-25T16:17:06","date_gmt":"2026-04-25T19:17:06","guid":{"rendered":"https:\/\/diariodebordo.net\/?p=34936"},"modified":"2026-04-25T16:17:06","modified_gmt":"2026-04-25T19:17:06","slug":"looks-da-turne-mundial-de-o-diabo-veste-prada-2","status":"publish","type":"post","link":"https:\/\/diariodebordo.net\/?p=34936","title":{"rendered":"Looks da turn\u00ea mundial de \u201cO Diabo Veste Prada 2\u201d"},"content":{"rendered":"\r\n<p>Finalmente, depois de tantos anos de espera dos f\u00e3s, a sequ\u00eancia de <em>O Diabo Veste Prada<\/em> est\u00e1 se tornando realidade, e como j\u00e1 era esperado, o impacto vai muito al\u00e9m das telas. A turn\u00ea mundial do filme tem se consolidado como um verdadeiro espet\u00e1culo de moda, reunindo alguns dos nomes mais ic\u00f4nicos da ind\u00fastria em produ\u00e7\u00f5es que misturam eleg\u00e2ncia, personalidade e tend\u00eancias atuais.<\/p>\r\n\r\n\r\n\r\n<p>Desde as primeiras apari\u00e7\u00f5es em Nova York at\u00e9 a aguardada premi\u00e8re em Londres, o elenco vem entregando momentos fashion que dialogam diretamente com o universo sofisticado e afiado que consagrou o primeiro filme, transformando o tapete vermelho quase em uma extens\u00e3o da Runway. Na premi\u00e8re londrina, Meryl Streep trouxe um visual imponente e refinado, com cortes cl\u00e1ssicos e presen\u00e7a marcante, exatamente como se espera de Miranda Priestly, apostando em uma eleg\u00e2ncia atemporal que refor\u00e7a sua imagem de autoridade. J\u00e1 Anne Hathaway seguiu uma linha mais fashionista, com um styling moderno e cheio de informa\u00e7\u00e3o de moda, equilibrando ousadia e sofistica\u00e7\u00e3o com naturalidade e refletindo a evolu\u00e7\u00e3o de sua personagem. Emily Blunt apareceu com um visual estruturado e extremamente elegante, apostando em alfaiataria refinada e silhuetas marcantes, enquanto Lady Gaga foi um dos grandes destaques da noite ao surgir com uma proposta ousada e conceitual, explorando dramaticidade, presen\u00e7a e refer\u00eancias de alta moda que roubaram completamente a aten\u00e7\u00e3o.<\/p>\r\n\r\n\r\n\r\n<p>As grifes tamb\u00e9m tiveram papel essencial nesse momento, com nomes como Versace, Dior e Alexander McQueen marcando presen\u00e7a no red carpet e refor\u00e7ando a conex\u00e3o direta entre o filme e o universo da alta-costura. Mais do que uma simples divulga\u00e7\u00e3o cinematogr\u00e1fica, a turn\u00ea de <em>O Diabo Veste Prada 2<\/em> se transforma em um verdadeiro desfile global, em que cada apari\u00e7\u00e3o do elenco constr\u00f3i uma narrativa visual pr\u00f3pria, celebrando estilo, identidade e o poder da imagem, e tudo indica que ainda veremos muitos momentos ic\u00f4nicos ao longo dessa jornada.<\/p>\r\n","protected":false},"excerpt":{"rendered":"<p>Finalmente, depois de tantos anos de espera dos f\u00e3s, a sequ\u00eancia de O Diabo Veste Prada est\u00e1 se tornando realidade, e como j\u00e1 era esperado, o impacto vai muito al\u00e9m das telas. A turn\u00ea mundial do filme tem se consolidado como um verdadeiro espet\u00e1culo de moda, reunindo alguns dos nomes mais ic\u00f4nicos da ind\u00fastria em<\/p>\n","protected":false},"author":3,"featured_media":0,"comment_status":"open","ping_status":"open","sticky":true,"template":"","format":"standard","meta":{"_eb_attr":"","inline_featured_image":false,"_joinchat":[],"footnotes":""},"categories":[156,126,63,1,89,119,66,90,65],"tags":[],"class_list":["post-34936","post","type-post","status-publish","format-standard","hentry","category-atualidades","category-cinema","category-destaques","category-dia-a-dia","category-entretenimento","category-eventos","category-lancamentos","category-moda","category-noticia-recente"],"acf":[],"yoast_head":"<!-- This site is optimized with the Yoast SEO plugin v19.7.1 - https:\/\/yoast.com\/wordpress\/plugins\/seo\/ -->\n<title>Looks da turn\u00ea mundial de \u201cO Diabo Veste Prada 2\u201d - Experi\u00eancias que conectam marcas, pessoas e momentos<\/title>\n<meta name=\"robots\" content=\"index, follow, max-snippet:-1, max-image-preview:large, max-video-preview:-1\" \/>\n<link rel=\"canonical\" href=\"https:\/\/diariodebordo.net\/?p=34936\" \/>\n<meta property=\"og:locale\" content=\"pt_BR\" \/>\n<meta property=\"og:type\" content=\"article\" \/>\n<meta property=\"og:title\" content=\"Looks da turn\u00ea mundial de \u201cO Diabo Veste Prada 2\u201d - Experi\u00eancias que conectam marcas, pessoas e momentos\" \/>\n<meta property=\"og:description\" content=\"Finalmente, depois de tantos anos de espera dos f\u00e3s, a sequ\u00eancia de O Diabo Veste Prada est\u00e1 se tornando realidade, e como j\u00e1 era esperado, o impacto vai muito al\u00e9m das telas. A turn\u00ea mundial do filme tem se consolidado como um verdadeiro espet\u00e1culo de moda, reunindo alguns dos nomes mais ic\u00f4nicos da ind\u00fastria em\" \/>\n<meta property=\"og:url\" content=\"https:\/\/diariodebordo.net\/?p=34936\" \/>\n<meta property=\"og:site_name\" content=\"Experi\u00eancias que conectam marcas, pessoas e momentos\" \/>\n<meta property=\"article:published_time\" content=\"2026-04-25T19:17:06+00:00\" \/>\n<meta name=\"author\" content=\"Evy Ferrera\" \/>\n<meta name=\"twitter:card\" content=\"summary_large_image\" \/>\n<meta name=\"twitter:label1\" content=\"Escrito por\" \/>\n\t<meta name=\"twitter:data1\" content=\"Evy Ferrera\" \/>\n\t<meta name=\"twitter:label2\" content=\"Est. tempo de leitura\" \/>\n\t<meta name=\"twitter:data2\" content=\"2 minutos\" \/>\n<script type=\"application\/ld+json\" class=\"yoast-schema-graph\">{\"@context\":\"https:\/\/schema.org\",\"@graph\":[{\"@type\":\"Article\",\"@id\":\"https:\/\/diariodebordo.net\/?p=34936#article\",\"isPartOf\":{\"@id\":\"https:\/\/diariodebordo.net\/?p=34936\"},\"author\":{\"name\":\"Evy Ferrera\",\"@id\":\"http:\/\/diariodebordo.net\/#\/schema\/person\/d5a9558c26dcd091c5d59e236685e9ff\"},\"headline\":\"Looks da turn\u00ea mundial de \u201cO Diabo Veste Prada 2\u201d\",\"datePublished\":\"2026-04-25T19:17:06+00:00\",\"dateModified\":\"2026-04-25T19:17:06+00:00\",\"mainEntityOfPage\":{\"@id\":\"https:\/\/diariodebordo.net\/?p=34936\"},\"wordCount\":349,\"commentCount\":0,\"publisher\":{\"@id\":\"http:\/\/diariodebordo.net\/#organization\"},\"articleSection\":[\"ATUALIDADES\",\"CINEMA\",\"DESTAQUES\",\"Dia-a-Dia\",\"ENTRETENIMENTO\",\"EVENTOS\",\"LAN\u00c7AMENTOS\",\"Moda\",\"NOT\u00cdCIA RECENTE\"],\"inLanguage\":\"pt-BR\",\"potentialAction\":[{\"@type\":\"CommentAction\",\"name\":\"Comment\",\"target\":[\"https:\/\/diariodebordo.net\/?p=34936#respond\"]}]},{\"@type\":\"WebPage\",\"@id\":\"https:\/\/diariodebordo.net\/?p=34936\",\"url\":\"https:\/\/diariodebordo.net\/?p=34936\",\"name\":\"Looks da turn\u00ea mundial de \u201cO Diabo Veste Prada 2\u201d - Experi\u00eancias que conectam marcas, pessoas e momentos\",\"isPartOf\":{\"@id\":\"http:\/\/diariodebordo.net\/#website\"},\"datePublished\":\"2026-04-25T19:17:06+00:00\",\"dateModified\":\"2026-04-25T19:17:06+00:00\",\"breadcrumb\":{\"@id\":\"https:\/\/diariodebordo.net\/?p=34936#breadcrumb\"},\"inLanguage\":\"pt-BR\",\"potentialAction\":[{\"@type\":\"ReadAction\",\"target\":[\"https:\/\/diariodebordo.net\/?p=34936\"]}]},{\"@type\":\"BreadcrumbList\",\"@id\":\"https:\/\/diariodebordo.net\/?p=34936#breadcrumb\",\"itemListElement\":[{\"@type\":\"ListItem\",\"position\":1,\"name\":\"In\u00edcio\",\"item\":\"http:\/\/diariodebordo.net\/\"},{\"@type\":\"ListItem\",\"position\":2,\"name\":\"Looks da turn\u00ea mundial de \u201cO Diabo Veste Prada 2\u201d\"}]},{\"@type\":\"WebSite\",\"@id\":\"http:\/\/diariodebordo.net\/#website\",\"url\":\"http:\/\/diariodebordo.net\/\",\"name\":\"Experi\u00eancias que conectam marcas, pessoas e momentos\",\"description\":\"M\u00eddia, eventos e conte\u00fado em uma plataforma que gera presen\u00e7a, relev\u00e2ncia e movimento.\",\"publisher\":{\"@id\":\"http:\/\/diariodebordo.net\/#organization\"},\"potentialAction\":[{\"@type\":\"SearchAction\",\"target\":{\"@type\":\"EntryPoint\",\"urlTemplate\":\"http:\/\/diariodebordo.net\/?s={search_term_string}\"},\"query-input\":\"required name=search_term_string\"}],\"inLanguage\":\"pt-BR\"},{\"@type\":\"Organization\",\"@id\":\"http:\/\/diariodebordo.net\/#organization\",\"name\":\"Experi\u00eancias que conectam marcas, pessoas e momentos\",\"url\":\"http:\/\/diariodebordo.net\/\",\"sameAs\":[],\"logo\":{\"@type\":\"ImageObject\",\"inLanguage\":\"pt-BR\",\"@id\":\"http:\/\/diariodebordo.net\/#\/schema\/logo\/image\/\",\"url\":\"https:\/\/diariodebordo.net\/wp-content\/uploads\/2026\/04\/cropped-cropped-20260419_052322_0001-2.png\",\"contentUrl\":\"https:\/\/diariodebordo.net\/wp-content\/uploads\/2026\/04\/cropped-cropped-20260419_052322_0001-2.png\",\"width\":512,\"height\":214,\"caption\":\"Experi\u00eancias que conectam marcas, pessoas e momentos \"},\"image\":{\"@id\":\"http:\/\/diariodebordo.net\/#\/schema\/logo\/image\/\"}},{\"@type\":\"Person\",\"@id\":\"http:\/\/diariodebordo.net\/#\/schema\/person\/d5a9558c26dcd091c5d59e236685e9ff\",\"name\":\"Evy Ferrera\",\"image\":{\"@type\":\"ImageObject\",\"inLanguage\":\"pt-BR\",\"@id\":\"http:\/\/diariodebordo.net\/#\/schema\/person\/image\/\",\"url\":\"https:\/\/diariodebordo.net\/wp-content\/uploads\/2022\/09\/image3-96x96.jpg\",\"contentUrl\":\"https:\/\/diariodebordo.net\/wp-content\/uploads\/2022\/09\/image3-96x96.jpg\",\"caption\":\"Evy Ferrera\"},\"sameAs\":[\"https:\/\/www.instagram.com\/evyferrera\/\",\"https:\/\/www.youtube.com\/@evyferreratv\"],\"url\":\"https:\/\/diariodebordo.net\/?author=3\"}]}<\/script>\n<!-- \/ Yoast SEO plugin. -->","yoast_head_json":{"title":"Looks da turn\u00ea mundial de \u201cO Diabo Veste Prada 2\u201d - Experi\u00eancias que conectam marcas, pessoas e momentos","robots":{"index":"index","follow":"follow","max-snippet":"max-snippet:-1","max-image-preview":"max-image-preview:large","max-video-preview":"max-video-preview:-1"},"canonical":"https:\/\/diariodebordo.net\/?p=34936","og_locale":"pt_BR","og_type":"article","og_title":"Looks da turn\u00ea mundial de \u201cO Diabo Veste Prada 2\u201d - Experi\u00eancias que conectam marcas, pessoas e momentos","og_description":"Finalmente, depois de tantos anos de espera dos f\u00e3s, a sequ\u00eancia de O Diabo Veste Prada est\u00e1 se tornando realidade, e como j\u00e1 era esperado, o impacto vai muito al\u00e9m das telas. A turn\u00ea mundial do filme tem se consolidado como um verdadeiro espet\u00e1culo de moda, reunindo alguns dos nomes mais ic\u00f4nicos da ind\u00fastria em","og_url":"https:\/\/diariodebordo.net\/?p=34936","og_site_name":"Experi\u00eancias que conectam marcas, pessoas e momentos","article_published_time":"2026-04-25T19:17:06+00:00","author":"Evy Ferrera","twitter_card":"summary_large_image","twitter_misc":{"Escrito por":"Evy Ferrera","Est. tempo de leitura":"2 minutos"},"schema":{"@context":"https:\/\/schema.org","@graph":[{"@type":"Article","@id":"https:\/\/diariodebordo.net\/?p=34936#article","isPartOf":{"@id":"https:\/\/diariodebordo.net\/?p=34936"},"author":{"name":"Evy Ferrera","@id":"http:\/\/diariodebordo.net\/#\/schema\/person\/d5a9558c26dcd091c5d59e236685e9ff"},"headline":"Looks da turn\u00ea mundial de \u201cO Diabo Veste Prada 2\u201d","datePublished":"2026-04-25T19:17:06+00:00","dateModified":"2026-04-25T19:17:06+00:00","mainEntityOfPage":{"@id":"https:\/\/diariodebordo.net\/?p=34936"},"wordCount":349,"commentCount":0,"publisher":{"@id":"http:\/\/diariodebordo.net\/#organization"},"articleSection":["ATUALIDADES","CINEMA","DESTAQUES","Dia-a-Dia","ENTRETENIMENTO","EVENTOS","LAN\u00c7AMENTOS","Moda","NOT\u00cdCIA RECENTE"],"inLanguage":"pt-BR","potentialAction":[{"@type":"CommentAction","name":"Comment","target":["https:\/\/diariodebordo.net\/?p=34936#respond"]}]},{"@type":"WebPage","@id":"https:\/\/diariodebordo.net\/?p=34936","url":"https:\/\/diariodebordo.net\/?p=34936","name":"Looks da turn\u00ea mundial de \u201cO Diabo Veste Prada 2\u201d - Experi\u00eancias que conectam marcas, pessoas e momentos","isPartOf":{"@id":"http:\/\/diariodebordo.net\/#website"},"datePublished":"2026-04-25T19:17:06+00:00","dateModified":"2026-04-25T19:17:06+00:00","breadcrumb":{"@id":"https:\/\/diariodebordo.net\/?p=34936#breadcrumb"},"inLanguage":"pt-BR","potentialAction":[{"@type":"ReadAction","target":["https:\/\/diariodebordo.net\/?p=34936"]}]},{"@type":"BreadcrumbList","@id":"https:\/\/diariodebordo.net\/?p=34936#breadcrumb","itemListElement":[{"@type":"ListItem","position":1,"name":"In\u00edcio","item":"http:\/\/diariodebordo.net\/"},{"@type":"ListItem","position":2,"name":"Looks da turn\u00ea mundial de \u201cO Diabo Veste Prada 2\u201d"}]},{"@type":"WebSite","@id":"http:\/\/diariodebordo.net\/#website","url":"http:\/\/diariodebordo.net\/","name":"Experi\u00eancias que conectam marcas, pessoas e momentos","description":"M\u00eddia, eventos e conte\u00fado em uma plataforma que gera presen\u00e7a, relev\u00e2ncia e movimento.","publisher":{"@id":"http:\/\/diariodebordo.net\/#organization"},"potentialAction":[{"@type":"SearchAction","target":{"@type":"EntryPoint","urlTemplate":"http:\/\/diariodebordo.net\/?s={search_term_string}"},"query-input":"required name=search_term_string"}],"inLanguage":"pt-BR"},{"@type":"Organization","@id":"http:\/\/diariodebordo.net\/#organization","name":"Experi\u00eancias que conectam marcas, pessoas e momentos","url":"http:\/\/diariodebordo.net\/","sameAs":[],"logo":{"@type":"ImageObject","inLanguage":"pt-BR","@id":"http:\/\/diariodebordo.net\/#\/schema\/logo\/image\/","url":"https:\/\/diariodebordo.net\/wp-content\/uploads\/2026\/04\/cropped-cropped-20260419_052322_0001-2.png","contentUrl":"https:\/\/diariodebordo.net\/wp-content\/uploads\/2026\/04\/cropped-cropped-20260419_052322_0001-2.png","width":512,"height":214,"caption":"Experi\u00eancias que conectam marcas, pessoas e momentos "},"image":{"@id":"http:\/\/diariodebordo.net\/#\/schema\/logo\/image\/"}},{"@type":"Person","@id":"http:\/\/diariodebordo.net\/#\/schema\/person\/d5a9558c26dcd091c5d59e236685e9ff","name":"Evy Ferrera","image":{"@type":"ImageObject","inLanguage":"pt-BR","@id":"http:\/\/diariodebordo.net\/#\/schema\/person\/image\/","url":"https:\/\/diariodebordo.net\/wp-content\/uploads\/2022\/09\/image3-96x96.jpg","contentUrl":"https:\/\/diariodebordo.net\/wp-content\/uploads\/2022\/09\/image3-96x96.jpg","caption":"Evy Ferrera"},"sameAs":["https:\/\/www.instagram.com\/evyferrera\/","https:\/\/www.youtube.com\/@evyferreratv"],"url":"https:\/\/diariodebordo.net\/?author=3"}]}},"_links":{"self":[{"href":"https:\/\/diariodebordo.net\/index.php?rest_route=\/wp\/v2\/posts\/34936","targetHints":{"allow":["GET"]}}],"collection":[{"href":"https:\/\/diariodebordo.net\/index.php?rest_route=\/wp\/v2\/posts"}],"about":[{"href":"https:\/\/diariodebordo.net\/index.php?rest_route=\/wp\/v2\/types\/post"}],"author":[{"embeddable":true,"href":"https:\/\/diariodebordo.net\/index.php?rest_route=\/wp\/v2\/users\/3"}],"replies":[{"embeddable":true,"href":"https:\/\/diariodebordo.net\/index.php?rest_route=%2Fwp%2Fv2%2Fcomments&post=34936"}],"version-history":[{"count":2,"href":"https:\/\/diariodebordo.net\/index.php?rest_route=\/wp\/v2\/posts\/34936\/revisions"}],"predecessor-version":[{"id":34958,"href":"https:\/\/diariodebordo.net\/index.php?rest_route=\/wp\/v2\/posts\/34936\/revisions\/34958"}],"wp:attachment":[{"href":"https:\/\/diariodebordo.net\/index.php?rest_route=%2Fwp%2Fv2%2Fmedia&parent=34936"}],"wp:term":[{"taxonomy":"category","embeddable":true,"href":"https:\/\/diariodebordo.net\/index.php?rest_route=%2Fwp%2Fv2%2Fcategories&post=34936"},{"taxonomy":"post_tag","embeddable":true,"href":"https:\/\/diariodebordo.net\/index.php?rest_route=%2Fwp%2Fv2%2Ftags&post=34936"}],"curies":[{"name":"wp","href":"https:\/\/api.w.org\/{rel}","templated":true}]}}