{"id":31,"count":1,"description":"","link":"https:\/\/diariodebordo.net\/?tag=fotografia-sergiogonzalez-ensaio-equitacao","name":"#Fotografia #SergioGonzalez #Ensaio #Equitacao","slug":"fotografia-sergiogonzalez-ensaio-equitacao","taxonomy":"post_tag","meta":[],"yoast_head":"<!-- This site is optimized with the Yoast SEO plugin v19.7.1 - https:\/\/yoast.com\/wordpress\/plugins\/seo\/ -->\n<title>Arquivos #Fotografia #SergioGonzalez #Ensaio #Equitacao - Experi\u00eancias que conectam marcas, pessoas e momentos<\/title>\n<meta name=\"robots\" content=\"index, follow, max-snippet:-1, max-image-preview:large, max-video-preview:-1\" \/>\n<link rel=\"canonical\" href=\"https:\/\/diariodebordo.net\/?tag=fotografia-sergiogonzalez-ensaio-equitacao\" \/>\n<meta property=\"og:locale\" content=\"pt_BR\" \/>\n<meta property=\"og:type\" content=\"article\" \/>\n<meta property=\"og:title\" content=\"Arquivos #Fotografia #SergioGonzalez #Ensaio #Equitacao - Experi\u00eancias que conectam marcas, pessoas e momentos\" \/>\n<meta property=\"og:url\" content=\"https:\/\/diariodebordo.net\/?tag=fotografia-sergiogonzalez-ensaio-equitacao\" \/>\n<meta property=\"og:site_name\" content=\"Experi\u00eancias que conectam marcas, pessoas e momentos\" \/>\n<meta name=\"twitter:card\" content=\"summary_large_image\" \/>\n<script type=\"application\/ld+json\" class=\"yoast-schema-graph\">{\"@context\":\"https:\/\/schema.org\",\"@graph\":[{\"@type\":\"CollectionPage\",\"@id\":\"https:\/\/diariodebordo.net\/?tag=fotografia-sergiogonzalez-ensaio-equitacao\",\"url\":\"https:\/\/diariodebordo.net\/?tag=fotografia-sergiogonzalez-ensaio-equitacao\",\"name\":\"Arquivos #Fotografia #SergioGonzalez #Ensaio #Equitacao - Experi\u00eancias que conectam marcas, pessoas e momentos\",\"isPartOf\":{\"@id\":\"http:\/\/diariodebordo.net\/#website\"},\"breadcrumb\":{\"@id\":\"https:\/\/diariodebordo.net\/?tag=fotografia-sergiogonzalez-ensaio-equitacao#breadcrumb\"},\"inLanguage\":\"pt-BR\"},{\"@type\":\"BreadcrumbList\",\"@id\":\"https:\/\/diariodebordo.net\/?tag=fotografia-sergiogonzalez-ensaio-equitacao#breadcrumb\",\"itemListElement\":[{\"@type\":\"ListItem\",\"position\":1,\"name\":\"In\u00edcio\",\"item\":\"http:\/\/diariodebordo.net\/\"},{\"@type\":\"ListItem\",\"position\":2,\"name\":\"#Fotografia #SergioGonzalez #Ensaio #Equitacao\"}]},{\"@type\":\"WebSite\",\"@id\":\"http:\/\/diariodebordo.net\/#website\",\"url\":\"http:\/\/diariodebordo.net\/\",\"name\":\"Experi\u00eancias que conectam marcas, pessoas e momentos\",\"description\":\"M\u00eddia, eventos e conte\u00fado em uma plataforma que gera presen\u00e7a, relev\u00e2ncia e movimento.\",\"publisher\":{\"@id\":\"http:\/\/diariodebordo.net\/#organization\"},\"potentialAction\":[{\"@type\":\"SearchAction\",\"target\":{\"@type\":\"EntryPoint\",\"urlTemplate\":\"http:\/\/diariodebordo.net\/?s={search_term_string}\"},\"query-input\":\"required name=search_term_string\"}],\"inLanguage\":\"pt-BR\"},{\"@type\":\"Organization\",\"@id\":\"http:\/\/diariodebordo.net\/#organization\",\"name\":\"Experi\u00eancias que conectam marcas, pessoas e momentos\",\"url\":\"http:\/\/diariodebordo.net\/\",\"sameAs\":[],\"logo\":{\"@type\":\"ImageObject\",\"inLanguage\":\"pt-BR\",\"@id\":\"http:\/\/diariodebordo.net\/#\/schema\/logo\/image\/\",\"url\":\"https:\/\/diariodebordo.net\/wp-content\/uploads\/2026\/04\/cropped-cropped-20260419_052322_0001-2.png\",\"contentUrl\":\"https:\/\/diariodebordo.net\/wp-content\/uploads\/2026\/04\/cropped-cropped-20260419_052322_0001-2.png\",\"width\":512,\"height\":214,\"caption\":\"Experi\u00eancias que conectam marcas, pessoas e momentos \"},\"image\":{\"@id\":\"http:\/\/diariodebordo.net\/#\/schema\/logo\/image\/\"}}]}<\/script>\n<!-- \/ Yoast SEO plugin. -->","yoast_head_json":{"title":"Arquivos #Fotografia #SergioGonzalez #Ensaio #Equitacao - Experi\u00eancias que conectam marcas, pessoas e momentos","robots":{"index":"index","follow":"follow","max-snippet":"max-snippet:-1","max-image-preview":"max-image-preview:large","max-video-preview":"max-video-preview:-1"},"canonical":"https:\/\/diariodebordo.net\/?tag=fotografia-sergiogonzalez-ensaio-equitacao","og_locale":"pt_BR","og_type":"article","og_title":"Arquivos #Fotografia #SergioGonzalez #Ensaio #Equitacao - Experi\u00eancias que conectam marcas, pessoas e momentos","og_url":"https:\/\/diariodebordo.net\/?tag=fotografia-sergiogonzalez-ensaio-equitacao","og_site_name":"Experi\u00eancias que conectam marcas, pessoas e momentos","twitter_card":"summary_large_image","schema":{"@context":"https:\/\/schema.org","@graph":[{"@type":"CollectionPage","@id":"https:\/\/diariodebordo.net\/?tag=fotografia-sergiogonzalez-ensaio-equitacao","url":"https:\/\/diariodebordo.net\/?tag=fotografia-sergiogonzalez-ensaio-equitacao","name":"Arquivos #Fotografia #SergioGonzalez #Ensaio #Equitacao - Experi\u00eancias que conectam marcas, pessoas e momentos","isPartOf":{"@id":"http:\/\/diariodebordo.net\/#website"},"breadcrumb":{"@id":"https:\/\/diariodebordo.net\/?tag=fotografia-sergiogonzalez-ensaio-equitacao#breadcrumb"},"inLanguage":"pt-BR"},{"@type":"BreadcrumbList","@id":"https:\/\/diariodebordo.net\/?tag=fotografia-sergiogonzalez-ensaio-equitacao#breadcrumb","itemListElement":[{"@type":"ListItem","position":1,"name":"In\u00edcio","item":"http:\/\/diariodebordo.net\/"},{"@type":"ListItem","position":2,"name":"#Fotografia #SergioGonzalez #Ensaio #Equitacao"}]},{"@type":"WebSite","@id":"http:\/\/diariodebordo.net\/#website","url":"http:\/\/diariodebordo.net\/","name":"Experi\u00eancias que conectam marcas, pessoas e momentos","description":"M\u00eddia, eventos e conte\u00fado em uma plataforma que gera presen\u00e7a, relev\u00e2ncia e movimento.","publisher":{"@id":"http:\/\/diariodebordo.net\/#organization"},"potentialAction":[{"@type":"SearchAction","target":{"@type":"EntryPoint","urlTemplate":"http:\/\/diariodebordo.net\/?s={search_term_string}"},"query-input":"required name=search_term_string"}],"inLanguage":"pt-BR"},{"@type":"Organization","@id":"http:\/\/diariodebordo.net\/#organization","name":"Experi\u00eancias que conectam marcas, pessoas e momentos","url":"http:\/\/diariodebordo.net\/","sameAs":[],"logo":{"@type":"ImageObject","inLanguage":"pt-BR","@id":"http:\/\/diariodebordo.net\/#\/schema\/logo\/image\/","url":"https:\/\/diariodebordo.net\/wp-content\/uploads\/2026\/04\/cropped-cropped-20260419_052322_0001-2.png","contentUrl":"https:\/\/diariodebordo.net\/wp-content\/uploads\/2026\/04\/cropped-cropped-20260419_052322_0001-2.png","width":512,"height":214,"caption":"Experi\u00eancias que conectam marcas, pessoas e momentos "},"image":{"@id":"http:\/\/diariodebordo.net\/#\/schema\/logo\/image\/"}}]}},"_links":{"self":[{"href":"https:\/\/diariodebordo.net\/index.php?rest_route=\/wp\/v2\/tags\/31","targetHints":{"allow":["GET"]}}],"collection":[{"href":"https:\/\/diariodebordo.net\/index.php?rest_route=\/wp\/v2\/tags"}],"about":[{"href":"https:\/\/diariodebordo.net\/index.php?rest_route=\/wp\/v2\/taxonomies\/post_tag"}],"wp:post_type":[{"href":"https:\/\/diariodebordo.net\/index.php?rest_route=%2Fwp%2Fv2%2Fposts&tags=31"}],"curies":[{"name":"wp","href":"https:\/\/api.w.org\/{rel}","templated":true}]}}