{"id":79,"count":1,"description":"","link":"https:\/\/diariodebordo.net\/?tag=exposicao","name":"#exposi\u00e7\u00e3o","slug":"exposicao","taxonomy":"post_tag","meta":[],"yoast_head":"<!-- This site is optimized with the Yoast SEO plugin v27.5 - https:\/\/yoast.com\/product\/yoast-seo-wordpress\/ -->\n<title>Arquivos #exposi\u00e7\u00e3o - Experi\u00eancias que conectam marcas, pessoas e momentos<\/title>\n<meta name=\"robots\" content=\"index, follow, max-snippet:-1, max-image-preview:large, max-video-preview:-1\" \/>\n<link rel=\"canonical\" href=\"http:\/\/diariodebordo.net\/?tag=exposicao\" \/>\n<meta property=\"og:locale\" content=\"pt_BR\" \/>\n<meta property=\"og:type\" content=\"article\" \/>\n<meta property=\"og:title\" content=\"Arquivos #exposi\u00e7\u00e3o - Experi\u00eancias que conectam marcas, pessoas e momentos\" \/>\n<meta property=\"og:url\" content=\"http:\/\/diariodebordo.net\/?tag=exposicao\" \/>\n<meta property=\"og:site_name\" content=\"Experi\u00eancias que conectam marcas, pessoas e momentos\" \/>\n<meta name=\"twitter:card\" content=\"summary_large_image\" \/>\n<script type=\"application\/ld+json\" class=\"yoast-schema-graph\">{\"@context\":\"https:\\\/\\\/schema.org\",\"@graph\":[{\"@type\":\"CollectionPage\",\"@id\":\"http:\\\/\\\/diariodebordo.net\\\/?tag=exposicao\",\"url\":\"http:\\\/\\\/diariodebordo.net\\\/?tag=exposicao\",\"name\":\"Arquivos #exposi\u00e7\u00e3o - Experi\u00eancias que conectam marcas, pessoas e momentos\",\"isPartOf\":{\"@id\":\"https:\\\/\\\/diariodebordo.net\\\/#website\"},\"breadcrumb\":{\"@id\":\"http:\\\/\\\/diariodebordo.net\\\/?tag=exposicao#breadcrumb\"},\"inLanguage\":\"pt-BR\"},{\"@type\":\"BreadcrumbList\",\"@id\":\"http:\\\/\\\/diariodebordo.net\\\/?tag=exposicao#breadcrumb\",\"itemListElement\":[{\"@type\":\"ListItem\",\"position\":1,\"name\":\"In\u00edcio\",\"item\":\"https:\\\/\\\/diariodebordo.net\\\/\"},{\"@type\":\"ListItem\",\"position\":2,\"name\":\"#exposi\u00e7\u00e3o\"}]},{\"@type\":\"WebSite\",\"@id\":\"https:\\\/\\\/diariodebordo.net\\\/#website\",\"url\":\"https:\\\/\\\/diariodebordo.net\\\/\",\"name\":\"Experi\u00eancias que conectam marcas, pessoas e momentos\",\"description\":\"M\u00eddia, eventos e conte\u00fado em uma plataforma que gera presen\u00e7a, relev\u00e2ncia e movimento.\",\"publisher\":{\"@id\":\"https:\\\/\\\/diariodebordo.net\\\/#organization\"},\"potentialAction\":[{\"@type\":\"SearchAction\",\"target\":{\"@type\":\"EntryPoint\",\"urlTemplate\":\"https:\\\/\\\/diariodebordo.net\\\/?s={search_term_string}\"},\"query-input\":{\"@type\":\"PropertyValueSpecification\",\"valueRequired\":true,\"valueName\":\"search_term_string\"}}],\"inLanguage\":\"pt-BR\"},{\"@type\":\"Organization\",\"@id\":\"https:\\\/\\\/diariodebordo.net\\\/#organization\",\"name\":\"Experi\u00eancias que conectam marcas, pessoas e momentos\",\"url\":\"https:\\\/\\\/diariodebordo.net\\\/\",\"logo\":{\"@type\":\"ImageObject\",\"inLanguage\":\"pt-BR\",\"@id\":\"https:\\\/\\\/diariodebordo.net\\\/#\\\/schema\\\/logo\\\/image\\\/\",\"url\":\"https:\\\/\\\/diariodebordo.net\\\/wp-content\\\/uploads\\\/2026\\\/04\\\/cropped-cropped-20260419_052322_0001-2.png\",\"contentUrl\":\"https:\\\/\\\/diariodebordo.net\\\/wp-content\\\/uploads\\\/2026\\\/04\\\/cropped-cropped-20260419_052322_0001-2.png\",\"width\":512,\"height\":214,\"caption\":\"Experi\u00eancias que conectam marcas, pessoas e momentos \"},\"image\":{\"@id\":\"https:\\\/\\\/diariodebordo.net\\\/#\\\/schema\\\/logo\\\/image\\\/\"}}]}<\/script>\n<!-- \/ Yoast SEO plugin. -->","yoast_head_json":{"title":"Arquivos #exposi\u00e7\u00e3o - Experi\u00eancias que conectam marcas, pessoas e momentos","robots":{"index":"index","follow":"follow","max-snippet":"max-snippet:-1","max-image-preview":"max-image-preview:large","max-video-preview":"max-video-preview:-1"},"canonical":"http:\/\/diariodebordo.net\/?tag=exposicao","og_locale":"pt_BR","og_type":"article","og_title":"Arquivos #exposi\u00e7\u00e3o - Experi\u00eancias que conectam marcas, pessoas e momentos","og_url":"http:\/\/diariodebordo.net\/?tag=exposicao","og_site_name":"Experi\u00eancias que conectam marcas, pessoas e momentos","twitter_card":"summary_large_image","schema":{"@context":"https:\/\/schema.org","@graph":[{"@type":"CollectionPage","@id":"http:\/\/diariodebordo.net\/?tag=exposicao","url":"http:\/\/diariodebordo.net\/?tag=exposicao","name":"Arquivos #exposi\u00e7\u00e3o - Experi\u00eancias que conectam marcas, pessoas e momentos","isPartOf":{"@id":"https:\/\/diariodebordo.net\/#website"},"breadcrumb":{"@id":"http:\/\/diariodebordo.net\/?tag=exposicao#breadcrumb"},"inLanguage":"pt-BR"},{"@type":"BreadcrumbList","@id":"http:\/\/diariodebordo.net\/?tag=exposicao#breadcrumb","itemListElement":[{"@type":"ListItem","position":1,"name":"In\u00edcio","item":"https:\/\/diariodebordo.net\/"},{"@type":"ListItem","position":2,"name":"#exposi\u00e7\u00e3o"}]},{"@type":"WebSite","@id":"https:\/\/diariodebordo.net\/#website","url":"https:\/\/diariodebordo.net\/","name":"Experi\u00eancias que conectam marcas, pessoas e momentos","description":"M\u00eddia, eventos e conte\u00fado em uma plataforma que gera presen\u00e7a, relev\u00e2ncia e movimento.","publisher":{"@id":"https:\/\/diariodebordo.net\/#organization"},"potentialAction":[{"@type":"SearchAction","target":{"@type":"EntryPoint","urlTemplate":"https:\/\/diariodebordo.net\/?s={search_term_string}"},"query-input":{"@type":"PropertyValueSpecification","valueRequired":true,"valueName":"search_term_string"}}],"inLanguage":"pt-BR"},{"@type":"Organization","@id":"https:\/\/diariodebordo.net\/#organization","name":"Experi\u00eancias que conectam marcas, pessoas e momentos","url":"https:\/\/diariodebordo.net\/","logo":{"@type":"ImageObject","inLanguage":"pt-BR","@id":"https:\/\/diariodebordo.net\/#\/schema\/logo\/image\/","url":"https:\/\/diariodebordo.net\/wp-content\/uploads\/2026\/04\/cropped-cropped-20260419_052322_0001-2.png","contentUrl":"https:\/\/diariodebordo.net\/wp-content\/uploads\/2026\/04\/cropped-cropped-20260419_052322_0001-2.png","width":512,"height":214,"caption":"Experi\u00eancias que conectam marcas, pessoas e momentos "},"image":{"@id":"https:\/\/diariodebordo.net\/#\/schema\/logo\/image\/"}}]}},"_links":{"self":[{"href":"https:\/\/diariodebordo.net\/index.php?rest_route=\/wp\/v2\/tags\/79","targetHints":{"allow":["GET"]}}],"collection":[{"href":"https:\/\/diariodebordo.net\/index.php?rest_route=\/wp\/v2\/tags"}],"about":[{"href":"https:\/\/diariodebordo.net\/index.php?rest_route=\/wp\/v2\/taxonomies\/post_tag"}],"wp:post_type":[{"href":"https:\/\/diariodebordo.net\/index.php?rest_route=%2Fwp%2Fv2%2Fposts&tags=79"}],"curies":[{"name":"wp","href":"https:\/\/api.w.org\/{rel}","templated":true}]}}